{"id":1227706,"date":"2021-05-17T23:55:20","date_gmt":"2021-05-18T04:55:20","guid":{"rendered":"https:\/\/www.acapulco.press\/?p=1227706"},"modified":"2021-05-17T23:55:20","modified_gmt":"2021-05-18T04:55:20","slug":"fge-vincula-a-proceso-a-arquimides-por-secuestro-agravado","status":"publish","type":"post","link":"https:\/\/www.acapulcopress.com\/index.php\/2021\/05\/17\/fge-vincula-a-proceso-a-arquimides-por-secuestro-agravado\/","title":{"rendered":"FGE vincula a proceso a Arqu\u00edmides, por secuestro agravado"},"content":{"rendered":"<p style=\"text-align: justify;\">] CHILPANCINGO, Gro. * 17 de mayo de 2021.<br \/>\n<em>) <a href=\"https:\/\/fiscaliaguerrero.gob.mx\" target=\"_blank\" rel=\"noopener\">https:\/\/fiscaliaguerrero.gob.mx<\/a><\/em>.<\/p>\n<p style=\"text-align: justify;\">La Fiscal\u00eda General del Estado obtuvo vinculaci\u00f3n a proceso en contra de Arquimides \u00abN\u00bb, como probable responsable del delito de Secuestro Agravado, hechos integrados en la carpeta judicial C-70\/2020.<\/p>\n<p style=\"text-align: justify;\">De acuerdo a la investigaci\u00f3n, el imputado quien se desempe\u00f1aba como elemento municipal de Huamuxtitl\u00e1n, priv\u00f3 de su libertad a la v\u00edctima en compa\u00f1\u00eda de c\u00f3mplices, al conducir por la carretera Huamuxtitl\u00e1n-Santa Cruz, a la altura del punto conocido como \u00abm\u00f3dulo de seguridad p\u00fablica\u00bb, para despu\u00e9s exigir una cantidad de dinero a cambio de su libertad.<\/p>\n<p style=\"text-align: justify;\">En audiencia inicial y aportando el Ministerio P\u00fablico los datos de prueba, el Juez de Control y Enjuiciamiento Penal con sede en Tlapa de Comonfort, vincul\u00f3 a proceso a Arquimides \u00abN\u00bb y le impuso la medida cautelar de prisi\u00f3n preventiva oficiosa, con un plazo de investigaci\u00f3n complementaria de tres meses, quedando interno en el Centro de Reinserci\u00f3n Social de Tlapa.<\/p>\n","protected":false},"excerpt":{"rendered":"<p>] CHILPANCINGO, Gro. * 17 de mayo de 2021. ) https:\/\/fiscaliaguerrero.gob.mx. La Fiscal\u00eda General del Estado obtuvo vinculaci\u00f3n a proceso en contra de Arquimides \u00abN\u00bb, como probable responsable del delito de Secuestro Agravado, hechos integrados en la carpeta judicial C-70\/2020. De acuerdo a la investigaci\u00f3n, el imputado quien se desempe\u00f1aba como elemento municipal de Huamuxtitl\u00e1n,&#8230;<\/p>\n","protected":false},"author":2,"featured_media":1227707,"comment_status":"closed","ping_status":"closed","sticky":false,"template":"","format":"standard","meta":{"footnotes":""},"categories":[18561,2005],"tags":[8709,10946,14735],"class_list":["post-1227706","post","type-post","status-publish","format-standard","has-post-thumbnail","hentry","category-society-politics","category-seguridad-y-justicia","tag-fiscalia-general-del-estado-e-guerrero-fgegro","tag-jorge-zuriel-de-los-santos-barrila","tag-policia-ministerial"],"_links":{"self":[{"href":"https:\/\/www.acapulcopress.com\/index.php\/wp-json\/wp\/v2\/posts\/1227706","targetHints":{"allow":["GET"]}}],"collection":[{"href":"https:\/\/www.acapulcopress.com\/index.php\/wp-json\/wp\/v2\/posts"}],"about":[{"href":"https:\/\/www.acapulcopress.com\/index.php\/wp-json\/wp\/v2\/types\/post"}],"author":[{"embeddable":true,"href":"https:\/\/www.acapulcopress.com\/index.php\/wp-json\/wp\/v2\/users\/2"}],"replies":[{"embeddable":true,"href":"https:\/\/www.acapulcopress.com\/index.php\/wp-json\/wp\/v2\/comments?post=1227706"}],"version-history":[{"count":0,"href":"https:\/\/www.acapulcopress.com\/index.php\/wp-json\/wp\/v2\/posts\/1227706\/revisions"}],"wp:featuredmedia":[{"embeddable":true,"href":"https:\/\/www.acapulcopress.com\/index.php\/wp-json\/"}],"wp:attachment":[{"href":"https:\/\/www.acapulcopress.com\/index.php\/wp-json\/wp\/v2\/media?parent=1227706"}],"wp:term":[{"taxonomy":"category","embeddable":true,"href":"https:\/\/www.acapulcopress.com\/index.php\/wp-json\/wp\/v2\/categories?post=1227706"},{"taxonomy":"post_tag","embeddable":true,"href":"https:\/\/www.acapulcopress.com\/index.php\/wp-json\/wp\/v2\/tags?post=1227706"}],"curies":[{"name":"wp","href":"https:\/\/api.w.org\/{rel}","templated":true}]}}