{"id":1227713,"date":"2021-05-18T00:10:02","date_gmt":"2021-05-18T05:10:02","guid":{"rendered":"https:\/\/www.acapulco.press\/?p=1227713"},"modified":"2021-05-18T00:10:02","modified_gmt":"2021-05-18T05:10:02","slug":"alerta-en-guerrero-por-mar-de-fondo","status":"publish","type":"post","link":"https:\/\/www.acapulcopress.com\/index.php\/2021\/05\/18\/alerta-en-guerrero-por-mar-de-fondo\/","title":{"rendered":"Alerta en Guerrero por &#8216;mar de fondo&#8217;"},"content":{"rendered":"<p style=\"text-align: justify;\">] CHILPANCINGO, Gro. * 17 de mayo de 2021.<br \/>\n<em>) Gobierno de Guerrero.<\/em><\/p>\n<p style=\"text-align: justify;\">La Secretar\u00eda de Protecci\u00f3n Civil Guerrero, informa que para las pr\u00f3ximas horas se prev\u00e9 un nuevo evento de mar de fondo, que afectar\u00e1 las costas del estado con olas de hasta 2.7 metros de altura.<\/p>\n<p style=\"text-align: justify;\">Dicho fen\u00f3meno mar\u00edtimo, tambi\u00e9n ocasionar\u00e1 la elevaci\u00f3n paulatina del nivel del mar, la reducci\u00f3n de la zona de playas y la manifestaci\u00f3n de marejadas en forma recurrente, as\u00ed como la presencia de corrientes de arrastre.<\/p>\n<p style=\"text-align: justify;\">De acuerdo con informaci\u00f3n de la Secretar\u00eda de Marina, a trav\u00e9s del Centro de An\u00e1lisis y Pron\u00f3stico Meteorol\u00f3gico Mar\u00edtimo, dichos efectos se manifestar\u00e1n a partir de la noche de este lunes, y se espera que disminuyan paulatinamente durante la tarde del s\u00e1bado 22 de Mayo.<\/p>\n<p style=\"text-align: justify;\">Por lo anterior, la Secretar\u00eda de Protecci\u00f3n Civil Guerrero vigila de forma permanente est\u00e1s condiciones mar\u00edtimas, a fin de emitir los avisos y alertamientos oportunos para la poblaci\u00f3n y las autoridades de los municipios costeros, para que se extremen las medidas de precauci\u00f3n necesarias.<\/p>\n<p style=\"text-align: justify;\">Por lo anterior, se recomienda permanecer bien informados con fuentes oficiales y no propagar rumores sin sustento, as\u00ed como respetar las indicaciones del personal salvavidas y de protecci\u00f3n civil.<\/p>\n<p style=\"text-align: justify;\">Tambi\u00e9n se pide, evitar realizar deportes acu\u00e1ticos, no introducirse al mar, ni caminar en la franja de arena y respetar los protocolos sanitarios para evitar contagios de COVID-19.<\/p>\n<p style=\"text-align: justify;\">Al sector hotelero, restaurantero y prestadores de servicios tur\u00edsticos, se les pide colocar banderolas rojas en zona de playas y prohibir a los ba\u00f1istas meterse al mar, as\u00ed como retirar mobiliario y establecimientos semifijos tipo palapas.<br \/>\nA los navegantes de embarcaciones menores, se les pide atender las indicaciones de la Capitan\u00eda de Puerto.<\/p>\n<p style=\"text-align: justify;\">En caso de alguna emergencia solicitar ayuda al personal salvavidas y de Protecci\u00f3n Civil, tambi\u00e9n reportar cualquier incidencia al n\u00famero de emergencias 911.<\/p>\n","protected":false},"excerpt":{"rendered":"<p>] CHILPANCINGO, Gro. * 17 de mayo de 2021. ) Gobierno de Guerrero. La Secretar\u00eda de Protecci\u00f3n Civil Guerrero, informa que para las pr\u00f3ximas horas se prev\u00e9 un nuevo evento de mar de fondo, que afectar\u00e1 las costas del estado con olas de hasta 2.7 metros de altura. Dicho fen\u00f3meno mar\u00edtimo, tambi\u00e9n ocasionar\u00e1 la elevaci\u00f3n&#8230;<\/p>\n","protected":false},"author":2,"featured_media":1227714,"comment_status":"closed","ping_status":"closed","sticky":false,"template":"","format":"standard","meta":{"footnotes":""},"categories":[1997],"tags":[5473,12407,16234],"class_list":["post-1227713","post","type-post","status-publish","format-standard","has-post-thumbnail","hentry","category-noticias-destacadas","tag-centro-de-analisis-y-pronostico-meteorologico-maritimo","tag-mar-de-fondo-en-guerrero","tag-secretaria-de-proteccion-civil-guerrero"],"_links":{"self":[{"href":"https:\/\/www.acapulcopress.com\/index.php\/wp-json\/wp\/v2\/posts\/1227713","targetHints":{"allow":["GET"]}}],"collection":[{"href":"https:\/\/www.acapulcopress.com\/index.php\/wp-json\/wp\/v2\/posts"}],"about":[{"href":"https:\/\/www.acapulcopress.com\/index.php\/wp-json\/wp\/v2\/types\/post"}],"author":[{"embeddable":true,"href":"https:\/\/www.acapulcopress.com\/index.php\/wp-json\/wp\/v2\/users\/2"}],"replies":[{"embeddable":true,"href":"https:\/\/www.acapulcopress.com\/index.php\/wp-json\/wp\/v2\/comments?post=1227713"}],"version-history":[{"count":0,"href":"https:\/\/www.acapulcopress.com\/index.php\/wp-json\/wp\/v2\/posts\/1227713\/revisions"}],"wp:featuredmedia":[{"embeddable":true,"href":"https:\/\/www.acapulcopress.com\/index.php\/wp-json\/"}],"wp:attachment":[{"href":"https:\/\/www.acapulcopress.com\/index.php\/wp-json\/wp\/v2\/media?parent=1227713"}],"wp:term":[{"taxonomy":"category","embeddable":true,"href":"https:\/\/www.acapulcopress.com\/index.php\/wp-json\/wp\/v2\/categories?post=1227713"},{"taxonomy":"post_tag","embeddable":true,"href":"https:\/\/www.acapulcopress.com\/index.php\/wp-json\/wp\/v2\/tags?post=1227713"}],"curies":[{"name":"wp","href":"https:\/\/api.w.org\/{rel}","templated":true}]}}