{"id":1227720,"date":"2021-05-18T00:22:03","date_gmt":"2021-05-18T05:22:03","guid":{"rendered":"https:\/\/www.acapulco.press\/?p=1227720"},"modified":"2021-05-18T00:22:03","modified_gmt":"2021-05-18T05:22:03","slug":"gobierno-del-estado-coadyuvara-con-instalacion-de-gobierno-municipal-de-ayutla","status":"publish","type":"post","link":"https:\/\/www.acapulcopress.com\/index.php\/2021\/05\/18\/gobierno-del-estado-coadyuvara-con-instalacion-de-gobierno-municipal-de-ayutla\/","title":{"rendered":"Gobierno del Estado coadyuvar\u00e1 con instalaci\u00f3n de gobierno municipal de Ayutla"},"content":{"rendered":"<p style=\"text-align: justify;\">] CHILPANCINGO, Gro. * 17 de mayo de 2021.<br \/>\n<em>) Gobierno de Guerrero.<\/em><\/p>\n<p style=\"text-align: justify;\">Acompa\u00f1ado del presidente del Instituto Electoral y de Participaci\u00f3n Ciudadana del Estado de Guerrero (IEPC-Gro), <img loading=\"lazy\" decoding=\"async\" class=\"alignleft size-medium wp-image-1227728\" src=\"https:\/\/www.acapulco.press\/wp-content\/uploads\/2021\/05\/HAF-AYUTLA3-375x211.jpg\" alt=\"\" width=\"375\" height=\"211\" \/>Nazar\u00edn Vargas Armenta y del secretario General de Gobierno, Florencio Salazar Adame, el gobernador H\u00e9ctor Astudillo Flores se reuni\u00f3 con integrantes del Concejo Municipal Comunitario y de la Comisi\u00f3n de Elecci\u00f3n, Integraci\u00f3n e Instalaci\u00f3n del \u00d3rgano de Gobierno Municipal de Ayutla de los Libres, quienes realizar\u00e1n la elecci\u00f3n de sus autoridades por usos y costumbres el pr\u00f3ximo 30 de mayo.<\/p>\n<p style=\"text-align: justify;\">Reunidos en la sala de Gabinete en Casa Guerrero, a nombre de esta Comisi\u00f3n responsable del relevo de las autoridades <img loading=\"lazy\" decoding=\"async\" class=\"alignleft size-medium wp-image-1227727\" src=\"https:\/\/www.acapulco.press\/wp-content\/uploads\/2021\/05\/HAF-AYUTLA2-375x249.jpg\" alt=\"\" width=\"375\" height=\"249\" \/>municipales, Abel Bello L\u00f3pez inform\u00f3 que ya concluy\u00f3 la primera etapa de realizar 140 asambleas en las comunidades.<\/p>\n<p style=\"text-align: justify;\">En ese sentido, solicit\u00f3 el apoyo para la parte de log\u00edstica de la asamblea del domingo 30 de mayo donde elegir\u00e1n a sus nuevos representantes, tales como elementos de seguridad, personal de Protecci\u00f3n Civil, una ambulancia y las acciones sanitarias pertinentes.<\/p>\n<p style=\"text-align: justify;\">El mandatario estatal expres\u00f3 que como hace tres a\u00f1os, en esta ocasi\u00f3n el gobierno del estado apoyar\u00e1 en todo lo que est\u00e9 en sus manos para que este ejercicio normativo propio salga adelante.<\/p>\n<p style=\"text-align: justify;\">En la reuni\u00f3n tambi\u00e9n participaron de parte del Concejo Municipal, Longino Julio Hern\u00e1ndez Campos, as\u00ed como el representante del Instituto Nacional de Pueblos Ind\u00edgenas, Manuel V\u00e1zquez Quintero.<\/p>\n","protected":false},"excerpt":{"rendered":"<p>] CHILPANCINGO, Gro. * 17 de mayo de 2021. ) Gobierno de Guerrero. Acompa\u00f1ado del presidente del Instituto Electoral y de Participaci\u00f3n Ciudadana del Estado de Guerrero (IEPC-Gro), Nazar\u00edn Vargas Armenta y del secretario General de Gobierno, Florencio Salazar Adame, el gobernador H\u00e9ctor Astudillo Flores se reuni\u00f3 con integrantes del Concejo Municipal Comunitario y de&#8230;<\/p>\n","protected":false},"author":2,"featured_media":1227726,"comment_status":"closed","ping_status":"closed","sticky":false,"template":"","format":"standard","meta":{"footnotes":""},"categories":[18573,1983],"tags":[6705,9302,9697],"class_list":["post-1227720","post","type-post","status-publish","format-standard","has-post-thumbnail","hentry","category-goverment","category-guerrerogob","tag-covid19","tag-gobierno-de-guerrero","tag-hectopr-astudillo-flores"],"_links":{"self":[{"href":"https:\/\/www.acapulcopress.com\/index.php\/wp-json\/wp\/v2\/posts\/1227720","targetHints":{"allow":["GET"]}}],"collection":[{"href":"https:\/\/www.acapulcopress.com\/index.php\/wp-json\/wp\/v2\/posts"}],"about":[{"href":"https:\/\/www.acapulcopress.com\/index.php\/wp-json\/wp\/v2\/types\/post"}],"author":[{"embeddable":true,"href":"https:\/\/www.acapulcopress.com\/index.php\/wp-json\/wp\/v2\/users\/2"}],"replies":[{"embeddable":true,"href":"https:\/\/www.acapulcopress.com\/index.php\/wp-json\/wp\/v2\/comments?post=1227720"}],"version-history":[{"count":0,"href":"https:\/\/www.acapulcopress.com\/index.php\/wp-json\/wp\/v2\/posts\/1227720\/revisions"}],"wp:featuredmedia":[{"embeddable":true,"href":"https:\/\/www.acapulcopress.com\/index.php\/wp-json\/"}],"wp:attachment":[{"href":"https:\/\/www.acapulcopress.com\/index.php\/wp-json\/wp\/v2\/media?parent=1227720"}],"wp:term":[{"taxonomy":"category","embeddable":true,"href":"https:\/\/www.acapulcopress.com\/index.php\/wp-json\/wp\/v2\/categories?post=1227720"},{"taxonomy":"post_tag","embeddable":true,"href":"https:\/\/www.acapulcopress.com\/index.php\/wp-json\/wp\/v2\/tags?post=1227720"}],"curies":[{"name":"wp","href":"https:\/\/api.w.org\/{rel}","templated":true}]}}