{"id":1227731,"date":"2021-05-18T00:45:35","date_gmt":"2021-05-18T05:45:35","guid":{"rendered":"https:\/\/www.acapulco.press\/?p=1227731"},"modified":"2021-05-18T00:45:35","modified_gmt":"2021-05-18T05:45:35","slug":"fernandez-ratifica-a-argentina-como-sede-de-la-copa-america","status":"publish","type":"post","link":"https:\/\/www.acapulcopress.com\/index.php\/2021\/05\/18\/fernandez-ratifica-a-argentina-como-sede-de-la-copa-america\/","title":{"rendered":"Fern\u00e1ndez ratifica a Argentina como sede de la  Copa Am\u00e9rica"},"content":{"rendered":"<p style=\"text-align: justify;\">] BUENOS AIRES. * 17 de mayo de 2021.<br \/>\n<em>) <a href=\"https:\/\/apnews.com\/article\/deportes-f07c2425c46f5a495b6af8e4ad5436f2\" target=\"_blank\" rel=\"noopener\">AP<\/a>.<\/em><\/p>\n<p style=\"text-align: justify;\">El presidente argentino Alberto Fern\u00e1ndez ratific\u00f3 a su pa\u00eds como una de las dos sedes de la Copa Am\u00e9rica que debe inaugurarse en menos de un mes, aunque descart\u00f3 la presencia de p\u00fablico debido a la dif\u00edcil situaci\u00f3n sanitaria generada por la pandemia de coronavirus.<\/p>\n<p style=\"text-align: justify;\">\u201cNosotros hemos confirmado nuestra decisi\u00f3n de hacerlo&#8230; con todas las restricciones que la pandemia exige. Esta ser\u00eda una Copa Am\u00e9rica para la televisi\u00f3n, hablemos claramente\u201d, dijo el mandatario en una entrevista la noche del domingo con el canal C5N de Buenos Aires. \u201cNo ser\u00eda otra cosa. En esos t\u00e9rminos nosotros estar\u00edamos dispuestos a cumplir con el compromiso asumido\u201d.<\/p>\n<p style=\"text-align: justify;\">Argentina y Colombia comparten la sede del campeonato sudamericano de selecciones, con Buenos Aires como sede del partido inaugural el 13 de junio y Barranquilla como escenario de la final el 10 de julio.<\/p>\n<p style=\"text-align: justify;\">Ambos pa\u00edses han sido azotados por otra oleada de la pandemia. Adem\u00e1s, Colombia ha sido convulsionada por las protestas contra el gobierno del presidente Iv\u00e1n Duque.<\/p>\n<p style=\"text-align: justify;\">Argentina sufre un rebrote de COVID-19 desde fines de marzo, que ha disparado los contagios y las muertes, y ha tensionado el sistema de salud como nunca antes durante la pandemia. En el pa\u00eds sudamericano se han registrado hasta ahora unos 3,3 millones de infectados y unos 70.500 muertos.<\/p>\n<p style=\"text-align: justify;\">Durante el fin de semana, el supercl\u00e1sico del f\u00fatbol argentino entre Boca Juniors y River Plate por la Copa de la Liga qued\u00f3 marcado por un brote de COVID-19 que dej\u00f3 15 bajas en el plantel de River \u2014 entre ellas, las de seis habituales titulares.<\/p>\n<p style=\"text-align: justify;\">La vacunaci\u00f3n ha transcurrido hasta ahora lentamente. Las personas vacunadas con una dosis son 8.050.709 y las que han recibidos dos son 1.952.121 de una poblaci\u00f3n de algo m\u00e1s de 45 milllones.<\/p>\n<p style=\"text-align: justify;\">Respecto a Colombia, el otro anfitri\u00f3n del certamen y que atraviesa un grave conflicto pol\u00edtico y social, Fern\u00e1ndez se\u00f1al\u00f3 que \u201chabr\u00e1 que ver qu\u00e9 va a hacer\u201c.<\/p>\n<p style=\"text-align: justify;\">La Confederaci\u00f3n del F\u00fatbol Sudamericano (CONMEBOL) sigue de cerca la crisis en Colombia, cuyas autoridades tuvieron que salir al paso de las versiones de que no podr\u00eda ser coanfitri\u00f3n del torneo.<\/p>\n<p style=\"text-align: justify;\">\u201cNosotros vamos a ir hasta el final\u201d, dijo la v\u00edspera el ministro de Deporte colombiano Ernesto Lucena al respecto. \u201cNo hay ning\u00fan ultim\u00e1tum&#8230;No nos han dicho que si en tal fecha no estamos (sin protestas) no vamos a tener la sede\u201d.<\/p>\n<p style=\"text-align: justify;\">La posibilidad de un eventual cambio de sede pareci\u00f3 fortalecerse la semana pasada, a ra\u00edz de los choques entre la polic\u00eda y una multitud de manifestantes que quer\u00eda impedir la celebraci\u00f3n de partidos de la fase de grupos de la Copa Libertadores de clubes en las localidades de Barranquilla y Pereira.<\/p>\n<p style=\"text-align: justify;\">En Barranquilla, la polic\u00eda lanz\u00f3 gases lacrim\u00f3genos que llegaron al estadio Romelio Mart\u00ednez, durante los partidos Santa Fe-River Plate y Am\u00e9rica de Cali-Atl\u00e9tico Mineiro.<\/p>\n<p style=\"text-align: justify;\">El s\u00e1bado, la CONMEBOL traslad\u00f3 a la ciudad boliviana de Santa Cruz el partido entre Am\u00e9rica de Cali y Deportivo La Guaira de Venezuela, correspondiente al Grupo H de la Copa Libertadores. Este duelo hab\u00eda sido reprogramado en el estadio Alfonso L\u00f3pez de Bucaramanga ante la imposibilidad de disputarlo el mi\u00e9rcoles en el Pascual Guerrero de Cali a ra\u00edz de las protestas que no cesan en esa ciudad desde el 28 de abril.<\/p>\n<p style=\"text-align: justify;\">El \u00f3rgano rector del f\u00fatbol en Sudam\u00e9rica mantuvo d\u00edas atr\u00e1s una reuni\u00f3n, pero se sostiene hasta ahora en la idea de mantener a Colombia como sede del certamen.<\/p>\n","protected":false},"excerpt":{"rendered":"<p>] BUENOS AIRES. * 17 de mayo de 2021. ) AP. El presidente argentino Alberto Fern\u00e1ndez ratific\u00f3 a su pa\u00eds como una de las dos sedes de la Copa Am\u00e9rica que debe inaugurarse en menos de un mes, aunque descart\u00f3 la presencia de p\u00fablico debido a la dif\u00edcil situaci\u00f3n sanitaria generada por la pandemia de&#8230;<\/p>\n","protected":false},"author":2,"featured_media":1227732,"comment_status":"closed","ping_status":"closed","sticky":false,"template":"","format":"standard","meta":{"footnotes":""},"categories":[1988,18566],"tags":[3463,4105,6592],"class_list":["post-1227731","post","type-post","status-publish","format-standard","has-post-thumbnail","hentry","category-lifestyles","category-sports-lifestyles","tag-alberto-fernandez","tag-argentina","tag-copa-america"],"_links":{"self":[{"href":"https:\/\/www.acapulcopress.com\/index.php\/wp-json\/wp\/v2\/posts\/1227731","targetHints":{"allow":["GET"]}}],"collection":[{"href":"https:\/\/www.acapulcopress.com\/index.php\/wp-json\/wp\/v2\/posts"}],"about":[{"href":"https:\/\/www.acapulcopress.com\/index.php\/wp-json\/wp\/v2\/types\/post"}],"author":[{"embeddable":true,"href":"https:\/\/www.acapulcopress.com\/index.php\/wp-json\/wp\/v2\/users\/2"}],"replies":[{"embeddable":true,"href":"https:\/\/www.acapulcopress.com\/index.php\/wp-json\/wp\/v2\/comments?post=1227731"}],"version-history":[{"count":0,"href":"https:\/\/www.acapulcopress.com\/index.php\/wp-json\/wp\/v2\/posts\/1227731\/revisions"}],"wp:featuredmedia":[{"embeddable":true,"href":"https:\/\/www.acapulcopress.com\/index.php\/wp-json\/"}],"wp:attachment":[{"href":"https:\/\/www.acapulcopress.com\/index.php\/wp-json\/wp\/v2\/media?parent=1227731"}],"wp:term":[{"taxonomy":"category","embeddable":true,"href":"https:\/\/www.acapulcopress.com\/index.php\/wp-json\/wp\/v2\/categories?post=1227731"},{"taxonomy":"post_tag","embeddable":true,"href":"https:\/\/www.acapulcopress.com\/index.php\/wp-json\/wp\/v2\/tags?post=1227731"}],"curies":[{"name":"wp","href":"https:\/\/api.w.org\/{rel}","templated":true}]}}