{"id":1227737,"date":"2021-05-18T01:00:12","date_gmt":"2021-05-18T06:00:12","guid":{"rendered":"https:\/\/www.acapulco.press\/?p=1227737"},"modified":"2021-05-18T01:00:12","modified_gmt":"2021-05-18T06:00:12","slug":"madre-de-menor-muerto-en-linea12-pide-destitucion-de-directora-del-metro","status":"publish","type":"post","link":"https:\/\/www.acapulcopress.com\/index.php\/2021\/05\/18\/madre-de-menor-muerto-en-linea12-pide-destitucion-de-directora-del-metro\/","title":{"rendered":"Madre de menor muerto en Linea12 pide destituci\u00f3n de directora del Metro"},"content":{"rendered":"<p style=\"text-align: justify;\">] CIUDAD DE M\u00c9XICO. * 17 de mayo de 2021.<br \/>\n<em>) <a href=\"https:\/\/www.efe.com\/efe\/america\/mexico\/madre-de-menor-muerto-en-mexico-pide-destitucion-directora-del-metro\/50000545-4538719\" target=\"_blank\" rel=\"noopener\">Efe<\/a>.<\/em><\/p>\n<p style=\"text-align: justify;\">Marisol Tapia, madre del menor que muri\u00f3 en el accidente de metro de la capital mexicana; pidi\u00f3 este lunes la destituci\u00f3n de la directora de Sistema de Transporte Colectivo transporte, Florencia Serran\u00eda, y otros funcionarios.<\/p>\n<p style=\"text-align: justify;\">\u00abSe est\u00e1 pidiendo la suspensi\u00f3n de la directora del metro para no entorpecer ning\u00fan proceso que vamos a llevar a cabo\u00bb; dijo Tapia tras presentar una denuncia penal ante la Contralor\u00eda capitalina contra quien resulte responsable del accidente.<\/p>\n<p style=\"text-align: justify;\">Brandon Giovanni, de 13 a\u00f1os, fue una de las 26 v\u00edctimas mortales del accidente del metro el pasado 3 de mayo, luego de que una viga de un puente elevado, entre las estaciones Olivos y Tezonco, en el oriente de la capital, cediera y provocara la ca\u00edda de un tren de la l\u00ednea 12 con pasajeros que qued\u00f3 encallado en forma de \u00abV\u00bb.<\/p>\n<p style=\"text-align: justify;\">De acuerdo con Tapia, quien pidi\u00f3 la destituci\u00f3n de la actual directora del metro, esta es necesaria; pues la funcionaria est\u00e1 ayudando a ocultar evidencias sobre el derrumbe.<\/p>\n<p style=\"text-align: justify;\">Indic\u00f3 que su exigencia no es solamente de justicia por la muerte de su hijo; sino que tambi\u00e9n quiere que se tomen las medidas para que una tragedia de este tipo no se vuelva a repetir.<\/p>\n<p style=\"text-align: justify;\">Te\u00f3filo Ben\u00edtez, abogado de Tapia, inform\u00f3 que la denuncia es contra las diferentes autoridades que han pasado por la administraci\u00f3n del Sistema de Transporte Colectivo (STC) y del Gobierno capitalino.<\/p>\n<p style=\"text-align: justify;\">Se\u00f1al\u00f3 que pedir\u00e1n que el delito sea reclasificado a homicidio con dolo eventual en lugar de homicidio culposo, como fue catalogado por la Fiscal\u00eda capitalina.<\/p>\n<p style=\"text-align: justify;\"><strong>Metro sin mantenimiento<\/strong><\/p>\n<p style=\"text-align: justify;\"><img loading=\"lazy\" decoding=\"async\" class=\"alignleft size-medium wp-image-1227738\" src=\"https:\/\/www.acapulco.press\/wp-content\/uploads\/2021\/05\/LINEA-12-METRO-375x268.jpg\" alt=\"\" width=\"375\" height=\"268\" \/>Afirm\u00f3 que pese a todo lo que gast\u00f3 el gobierno capitalino, \u00abjam\u00e1s le dieron mantenimiento\u00bb al metro y no hubo una buena construcci\u00f3n.<\/p>\n<p style=\"text-align: justify;\">Al ser cuestionada sobre la denuncia interpuesta por Tapia, la jefa de gobierno capitalina, Claudia Sheinbaum, se\u00f1al\u00f3 este lunes que \u00abnunca voy a entablar un debate una contradicci\u00f3n con alguna v\u00edctima o familiar de v\u00edctimas\u00bb.<\/p>\n<p style=\"text-align: justify;\">En conferencia de prensa, la funcionaria indic\u00f3 que las v\u00edctimas y sus familiares est\u00e1n en su derecho de poner las denuncias que le correspondan y asegur\u00f3 que la obligaci\u00f3n del gobierno \u00abes estar cerca de ellos y darles todo el apoyo que necesiten\u00bb.<\/p>\n","protected":false},"excerpt":{"rendered":"<p>] CIUDAD DE M\u00c9XICO. * 17 de mayo de 2021. ) Efe. Marisol Tapia, madre del menor que muri\u00f3 en el accidente de metro de la capital mexicana; pidi\u00f3 este lunes la destituci\u00f3n de la directora de Sistema de Transporte Colectivo transporte, Florencia Serran\u00eda, y otros funcionarios. \u00abSe est\u00e1 pidiendo la suspensi\u00f3n de la directora&#8230;<\/p>\n","protected":false},"author":2,"featured_media":1227739,"comment_status":"closed","ping_status":"closed","sticky":false,"template":"","format":"standard","meta":{"footnotes":""},"categories":[1969],"tags":[4838,8730,11990,12703,16706],"class_list":["post-1227737","post","type-post","status-publish","format-standard","has-post-thumbnail","hentry","category-trending","tag-brandon-giovanni","tag-florencia-serrania","tag-linea-12-metro-olivos","tag-marisol-tapia-linea12","tag-sistema-de-transporte-colectivo-stc"],"_links":{"self":[{"href":"https:\/\/www.acapulcopress.com\/index.php\/wp-json\/wp\/v2\/posts\/1227737","targetHints":{"allow":["GET"]}}],"collection":[{"href":"https:\/\/www.acapulcopress.com\/index.php\/wp-json\/wp\/v2\/posts"}],"about":[{"href":"https:\/\/www.acapulcopress.com\/index.php\/wp-json\/wp\/v2\/types\/post"}],"author":[{"embeddable":true,"href":"https:\/\/www.acapulcopress.com\/index.php\/wp-json\/wp\/v2\/users\/2"}],"replies":[{"embeddable":true,"href":"https:\/\/www.acapulcopress.com\/index.php\/wp-json\/wp\/v2\/comments?post=1227737"}],"version-history":[{"count":0,"href":"https:\/\/www.acapulcopress.com\/index.php\/wp-json\/wp\/v2\/posts\/1227737\/revisions"}],"wp:featuredmedia":[{"embeddable":true,"href":"https:\/\/www.acapulcopress.com\/index.php\/wp-json\/"}],"wp:attachment":[{"href":"https:\/\/www.acapulcopress.com\/index.php\/wp-json\/wp\/v2\/media?parent=1227737"}],"wp:term":[{"taxonomy":"category","embeddable":true,"href":"https:\/\/www.acapulcopress.com\/index.php\/wp-json\/wp\/v2\/categories?post=1227737"},{"taxonomy":"post_tag","embeddable":true,"href":"https:\/\/www.acapulcopress.com\/index.php\/wp-json\/wp\/v2\/tags?post=1227737"}],"curies":[{"name":"wp","href":"https:\/\/api.w.org\/{rel}","templated":true}]}}