{"id":1227752,"date":"2021-05-18T17:46:37","date_gmt":"2021-05-18T22:46:37","guid":{"rendered":"https:\/\/www.acapulco.press\/?p=1227752"},"modified":"2021-05-18T17:46:37","modified_gmt":"2021-05-18T22:46:37","slug":"mas-militantes-de-morena-y-mc-abandonan-sus-partidos-y-se-suman-a-mario-moreno","status":"publish","type":"post","link":"https:\/\/www.acapulcopress.com\/index.php\/2021\/05\/18\/mas-militantes-de-morena-y-mc-abandonan-sus-partidos-y-se-suman-a-mario-moreno\/","title":{"rendered":"M\u00e1s militantes de Morena y MC abandonan sus partidos y se suman a Mario Moreno"},"content":{"rendered":"<p style=\"text-align: justify;\"><img loading=\"lazy\" decoding=\"async\" class=\"alignnone wp-image-1227758 size-large\" src=\"https:\/\/www.acapulco.press\/wp-content\/uploads\/2021\/05\/MARIO-TC6-840x560.jpeg\" alt=\"\" width=\"840\" height=\"560\" \/><\/p>\n<p>] TIERRA COLORADA. * 18 de mayo de 2021.<br \/>\n<em>) Especial.<\/em><\/p>\n<p style=\"text-align: justify;\">En su recorrido por la regi\u00f3n Costa Chica de Guerrero, el candidato de la alianza PRI-PRD Mario Moreno Arcos <img loading=\"lazy\" decoding=\"async\" class=\"alignleft size-medium wp-image-1227753\" src=\"https:\/\/www.acapulco.press\/wp-content\/uploads\/2021\/05\/MARIO-TC-375x250.jpeg\" alt=\"\" width=\"375\" height=\"250\" \/>recibi\u00f3 la adhesi\u00f3n de l\u00edderes pol\u00edticos de Movimiento Ciudadano y del partido Morena, quienes ven en su proyecto, el mejor futuro para Guerrero.<\/p>\n<p style=\"text-align: justify;\">En Tierra Colorada, acompa\u00f1ado del candidato del PRD a la alcald\u00eda de Juan R. Escudero, Israel Hern\u00e1ndez Espinoza, recibi\u00f3 el respaldo del coordinador regional de MC en Costa Chica No\u00e9 Acevedo Flores y la candidata de MC a la alcald\u00eda municipal Leylanni Yatzel de la Cruz Hip\u00f3lito.<\/p>\n<p style=\"text-align: justify;\">\u00abNos sumamos al resto de miles de ciudadanos libres que queremos un mejor futuro para Guerrero, con Mario Moreno <img loading=\"lazy\" decoding=\"async\" class=\"alignleft size-medium wp-image-1227755\" src=\"https:\/\/www.acapulco.press\/wp-content\/uploads\/2021\/05\/MARIO-TC3-375x250.jpeg\" alt=\"\" width=\"375\" height=\"250\" \/>Arcos al frente, sin duda este 6 de junio ganaremos\u00bb, dijo No\u00e9 Acevedo.<\/p>\n<p style=\"text-align: justify;\">Tambi\u00e9n se dirigi\u00f3 a la militancia perredista y a sus compa\u00f1eros de MC para decirles: \u00abMario es la mejor opci\u00f3n, Guerrero necesita pol\u00edticos serios, comprometidos, que garanticen estabilidad, seguridad y tranquilidad a nuestro estado\u00bb apunt\u00f3.<\/p>\n<p style=\"text-align: justify;\">Se sumaron adem\u00e1s, Valent\u00edn Rafaela Sol\u00eds, ex diputado local y Ferm\u00edn Hip\u00f3lito Nava, quien iba en la planilla municipal como candidato a s\u00edndico por MC.<\/p>\n<p style=\"text-align: justify;\"><img loading=\"lazy\" decoding=\"async\" class=\"alignleft size-medium wp-image-1227756\" src=\"https:\/\/www.acapulco.press\/wp-content\/uploads\/2021\/05\/MARIO-TC4-375x250.jpeg\" alt=\"\" width=\"375\" height=\"250\" \/>Posteriormente, en la cabecera municipal de Tecoanapa, en el evento con la militancia pri\u00edsta, recibi\u00f3 la adhesi\u00f3n de Alfredo Casarrubias Moctezuma, ex candidato de MC, Dami\u00e1n Garc\u00eda Cruz, ex precandidato de Morena a la alcald\u00eda municipal y Justino Trinidad, regidor del PRD.<\/p>\n<p style=\"text-align: justify;\">En su mensaje Moreno Arcos reiter\u00f3 que en su proyecto caben todas y todos los guerrerenses, por eso \u00abtodos los que fueron y son candidatos de MC en Costa Chica se est\u00e1n incorporando a este proyecto, porque este un proyecto serio por Guerrero\u00bb sentenci\u00f3.<\/p>\n<p style=\"text-align: justify;\">\u00abYo no tengo que andar cantando para que me vean y me escuchen, Mario Moreno es un hombre de propuestas, de trabajo, no ando haciendo show, vengo a hacer compromisos con la gente\u00bb dijo a los miles de habitantes que se congregaron en torno suyo.<\/p>\n<p style=\"text-align: justify;\">Se\u00f1al\u00f3 tambi\u00e9n que lleva 25 a\u00f1os participando en pol\u00edtica y \u00abno ha tenido que andar haciendo el rid\u00edculo en ninguna parte\u00bb, porque no se dedica a eso, \u00abyo me he conducido con seriedad y respeto, no soy una botarga de nadie\u00bb recalc\u00f3.<\/p>\n<p style=\"text-align: justify;\">Finalmente, acompa\u00f1ado adem\u00e1s del l\u00edder campesino Sebasti\u00e1n de la Rosa y del l\u00edder ganadero Atalo Ni\u00f1o, as\u00ed como las candidatas a diputadas local, Lenny Salmer\u00f3n y federal, Greta Ventura, Moreno Arcos pidi\u00f3 a todas y todos acudir a votar el pr\u00f3ximo 6 de junio al se\u00f1alar que los \u00fanicos votos que cuentan son los que entran a las urnas y les record\u00f3 que deben votar por todos los candidatos del PRI o en su caso, los que sean del PRD por los del PRD. Cuatro de cuatro, es la consigna.<\/p>\n","protected":false},"excerpt":{"rendered":"<p>] TIERRA COLORADA. * 18 de mayo de 2021. ) Especial. En su recorrido por la regi\u00f3n Costa Chica de Guerrero, el candidato de la alianza PRI-PRD Mario Moreno Arcos recibi\u00f3 la adhesi\u00f3n de l\u00edderes pol\u00edticos de Movimiento Ciudadano y del partido Morena, quienes ven en su proyecto, el mejor futuro para Guerrero. En Tierra&#8230;<\/p>\n","protected":false},"author":2,"featured_media":1227754,"comment_status":"closed","ping_status":"closed","sticky":false,"template":"","format":"standard","meta":{"footnotes":""},"categories":[2053,1972],"tags":[3684,5928,9302,12685],"class_list":["post-1227752","post","type-post","status-publish","format-standard","has-post-thumbnail","hentry","category-elecciones-special","category-special","tag-alianza-pri-prd-guerrero-2021","tag-coalicion-va-por-guerrero","tag-gobierno-de-guerrero","tag-mario-moreno-arcos"],"_links":{"self":[{"href":"https:\/\/www.acapulcopress.com\/index.php\/wp-json\/wp\/v2\/posts\/1227752","targetHints":{"allow":["GET"]}}],"collection":[{"href":"https:\/\/www.acapulcopress.com\/index.php\/wp-json\/wp\/v2\/posts"}],"about":[{"href":"https:\/\/www.acapulcopress.com\/index.php\/wp-json\/wp\/v2\/types\/post"}],"author":[{"embeddable":true,"href":"https:\/\/www.acapulcopress.com\/index.php\/wp-json\/wp\/v2\/users\/2"}],"replies":[{"embeddable":true,"href":"https:\/\/www.acapulcopress.com\/index.php\/wp-json\/wp\/v2\/comments?post=1227752"}],"version-history":[{"count":0,"href":"https:\/\/www.acapulcopress.com\/index.php\/wp-json\/wp\/v2\/posts\/1227752\/revisions"}],"wp:featuredmedia":[{"embeddable":true,"href":"https:\/\/www.acapulcopress.com\/index.php\/wp-json\/"}],"wp:attachment":[{"href":"https:\/\/www.acapulcopress.com\/index.php\/wp-json\/wp\/v2\/media?parent=1227752"}],"wp:term":[{"taxonomy":"category","embeddable":true,"href":"https:\/\/www.acapulcopress.com\/index.php\/wp-json\/wp\/v2\/categories?post=1227752"},{"taxonomy":"post_tag","embeddable":true,"href":"https:\/\/www.acapulcopress.com\/index.php\/wp-json\/wp\/v2\/tags?post=1227752"}],"curies":[{"name":"wp","href":"https:\/\/api.w.org\/{rel}","templated":true}]}}