{"id":1227781,"date":"2021-05-18T19:11:10","date_gmt":"2021-05-19T00:11:10","guid":{"rendered":"https:\/\/www.acapulco.press\/?p=1227781"},"modified":"2021-05-18T19:11:10","modified_gmt":"2021-05-19T00:11:10","slug":"proximo-viernes-se-anunciara-nuevo-color-de-semaforo-epidemiologico-para-guerrero","status":"publish","type":"post","link":"https:\/\/www.acapulcopress.com\/index.php\/2021\/05\/18\/proximo-viernes-se-anunciara-nuevo-color-de-semaforo-epidemiologico-para-guerrero\/","title":{"rendered":"Pr\u00f3ximo viernes anunciar\u00e1n nuevo color de sem\u00e1foro epidemiol\u00f3gico para Guerrero"},"content":{"rendered":"<p style=\"text-align: justify;\">] CHILPANCINGO, Gro. * 18 de mayo de 2021.<br \/>\n<em>) Gobierno de Guerrero.<\/em><\/p>\n<p style=\"text-align: justify;\">El gobernador H\u00e9ctor Astudillo Flores hizo un llamado a los guerrerenses para que asuman con responsabilidad el posible cambio del color del sem\u00e1foro epidemiol\u00f3gico, y gir\u00f3 instrucciones a funcionarios del gobierno del estado para que se hagan los preparativos para las nuevas medidas a aplicar.<\/p>\n<p style=\"text-align: justify;\">\u00abDerivado de las facultades que nos da la propia Ley, el pr\u00f3ximo viernes, anunciaremos el estado de la actualizaci\u00f3n del sem\u00e1foro, y a ese, nos vamos a abocar\u00bb.<\/p>\n<p style=\"text-align: justify;\">Por lo que pidi\u00f3 al secretario de Salud, Carlos De la Pe\u00f1a Pintos; al secretario de Turismo, Ernesto Rodr\u00edguez Escalona, y al secretario General de Gobierno, Florencio Salazar Adame, a que hagan los preparativos correspondientes.<br \/>\n\u00abPara que si cambiamos de sem\u00e1foro, nos atengamos a la verdad y a la realidad y con un sentido de responsabilidad absoluta, autoridades de todos los niveles, pero especialmente, quienes somos autoridades sanitarias, hagamos y digamos la verdad, y en base a eso, que convoquemos a que cada quien asuma su responsabilidad\u00bb.<\/p>\n<p style=\"text-align: justify;\">En la que fue la transmisi\u00f3n 383, el mandatario estatal tambi\u00e9n destac\u00f3 que avanza sin problemas el Programa Nacional de Vacunaci\u00f3n en Guerrero, por lo que conmin\u00f3 a los guerrerenses a que acudan a vacunarse. Actualmente, dijo, se inocula en 17 municipios del estado.<\/p>\n<p style=\"text-align: justify;\">\u00abLes invitamos a que se vacunen, no pierdan esta oportunidad de vacunarse. Han sido tiempos complejos y dif\u00edciles, de mucha responsabilidad de todos, de la autoridad, pero tambi\u00e9n los ciudadanos y las ciudadanas, y as\u00ed tendremos que continuar, responsabiliz\u00e1ndonos las autoridades pero tambi\u00e9n los ciudadanos y las ciudadanas\u00bb, refiri\u00f3.<\/p>\n<p style=\"text-align: justify;\">En su momento, el titular de la Secretar\u00eda de Salud inform\u00f3 que hasta el d\u00eda de hoy, se tienen 40 mil 641 casos confirmados acumulados de Covid-19 y, 4 mil 419 defunciones de las cuales 97 corresponden al mes de mayo.<\/p>\n<p style=\"text-align: justify;\">Asimismo, dijo que en las \u00faltimas 24 horas se registraron 34 casos nuevos, por lo que se tienen 395 casos activos con 107 pacientes hospitalizados.<\/p>\n","protected":false},"excerpt":{"rendered":"<p>] CHILPANCINGO, Gro. * 18 de mayo de 2021. ) Gobierno de Guerrero. El gobernador H\u00e9ctor Astudillo Flores hizo un llamado a los guerrerenses para que asuman con responsabilidad el posible cambio del color del sem\u00e1foro epidemiol\u00f3gico, y gir\u00f3 instrucciones a funcionarios del gobierno del estado para que se hagan los preparativos para las nuevas&#8230;<\/p>\n","protected":false},"author":2,"featured_media":1227782,"comment_status":"closed","ping_status":"closed","sticky":false,"template":"","format":"standard","meta":{"footnotes":""},"categories":[18573,1983],"tags":[6705,9302,9697,16426],"class_list":["post-1227781","post","type-post","status-publish","format-standard","has-post-thumbnail","hentry","category-goverment","category-guerrerogob","tag-covid19","tag-gobierno-de-guerrero","tag-hectopr-astudillo-flores","tag-semaforo-epidemiologico-covid19"],"_links":{"self":[{"href":"https:\/\/www.acapulcopress.com\/index.php\/wp-json\/wp\/v2\/posts\/1227781","targetHints":{"allow":["GET"]}}],"collection":[{"href":"https:\/\/www.acapulcopress.com\/index.php\/wp-json\/wp\/v2\/posts"}],"about":[{"href":"https:\/\/www.acapulcopress.com\/index.php\/wp-json\/wp\/v2\/types\/post"}],"author":[{"embeddable":true,"href":"https:\/\/www.acapulcopress.com\/index.php\/wp-json\/wp\/v2\/users\/2"}],"replies":[{"embeddable":true,"href":"https:\/\/www.acapulcopress.com\/index.php\/wp-json\/wp\/v2\/comments?post=1227781"}],"version-history":[{"count":0,"href":"https:\/\/www.acapulcopress.com\/index.php\/wp-json\/wp\/v2\/posts\/1227781\/revisions"}],"wp:featuredmedia":[{"embeddable":true,"href":"https:\/\/www.acapulcopress.com\/index.php\/wp-json\/"}],"wp:attachment":[{"href":"https:\/\/www.acapulcopress.com\/index.php\/wp-json\/wp\/v2\/media?parent=1227781"}],"wp:term":[{"taxonomy":"category","embeddable":true,"href":"https:\/\/www.acapulcopress.com\/index.php\/wp-json\/wp\/v2\/categories?post=1227781"},{"taxonomy":"post_tag","embeddable":true,"href":"https:\/\/www.acapulcopress.com\/index.php\/wp-json\/wp\/v2\/tags?post=1227781"}],"curies":[{"name":"wp","href":"https:\/\/api.w.org\/{rel}","templated":true}]}}