{"id":1227795,"date":"2021-05-18T20:17:05","date_gmt":"2021-05-19T01:17:05","guid":{"rendered":"https:\/\/www.acapulco.press\/?p=1227795"},"modified":"2021-05-18T20:17:05","modified_gmt":"2021-05-19T01:17:05","slug":"sere-gobernador-por-voluntad-del-pueblo-en-las-urnas-mario-moreno","status":"publish","type":"post","link":"https:\/\/www.acapulcopress.com\/index.php\/2021\/05\/18\/sere-gobernador-por-voluntad-del-pueblo-en-las-urnas-mario-moreno\/","title":{"rendered":"Ser\u00e9 Gobernador por voluntad del pueblo, en las urnas | Mario Moreno"},"content":{"rendered":"<p style=\"text-align: justify;\"><img loading=\"lazy\" decoding=\"async\" class=\"alignnone wp-image-1227803 size-large\" src=\"https:\/\/www.acapulco.press\/wp-content\/uploads\/2021\/05\/MARIO-MORENO-GOBERNADOR13-840x559.jpeg\" alt=\"\" width=\"840\" height=\"559\" \/><\/p>\n<p style=\"text-align: justify;\">] TECOANAPA\/SAN MARCOS, Gro. * 18 de mayo de 2021.<br \/>\n<em>) Especial.<br \/>\n<\/em><br \/>\n\u00abVamos a llenar las urnas de votos porque Guerrero merece un mejor futuro, Guerrero merece un mejor desarrollo y ese futuro est\u00e1 con esta gran alianza\u00bb dijo el candidato del PRI\/PRD Mario Moreno Arcos en su gira de campa\u00f1a por <img loading=\"lazy\" decoding=\"async\" class=\"alignleft size-medium wp-image-1227801\" src=\"https:\/\/www.acapulco.press\/wp-content\/uploads\/2021\/05\/MARIO-MORENO-GOBERNADOR11-375x250.jpeg\" alt=\"\" width=\"375\" height=\"250\" \/>la regi\u00f3n Costa Chica, lo que le fue avalado por ciudadanos que acudieron a escuchar sus propuestas.<\/p>\n<p style=\"text-align: justify;\">Moreno Arcos reiter\u00f3 que llevar\u00e1 el desarrollo econ\u00f3mico a los municipios de esta regi\u00f3n, con la rehabilitaci\u00f3n de tramos carreteros, el fortalecimiento de los servicios p\u00fablicos y que todos los pueblos y comunidades puedan tener acceso a la salud y educaci\u00f3n.<\/p>\n<p style=\"text-align: justify;\">Respecto al tema de seguridad para la zona, el candidato declar\u00f3 a representantes de medios de comunicaci\u00f3n que ha tenido acercamiento con las diferentes polic\u00edas comunitarias, <img loading=\"lazy\" decoding=\"async\" class=\"alignleft size-medium wp-image-1227802\" src=\"https:\/\/www.acapulco.press\/wp-content\/uploads\/2021\/05\/MARIO-MORENO-GOBERNADOR12-375x191.jpeg\" alt=\"\" width=\"375\" height=\"191\" \/>a las que se buscar\u00e1 incorporarlas en el marco de la Ley y lograr el respeto el estado de derecho.<\/p>\n<p style=\"text-align: justify;\">\u00abQue se respeten los derechos humanos y eso es lo que vamos a promover, pero principalmente que podamos brindar seguridad que es el reclamo de todos los ciudadanos, con respeto a la legalidad, al estado de derecho\u00bb se\u00f1al\u00f3.<\/p>\n<p style=\"text-align: justify;\">En Tecoanapa, en los eventos que mantuvo con simpatizantes del PRI y del PRD, se\u00f1al\u00f3 que su intenci\u00f3n es <img loading=\"lazy\" decoding=\"async\" class=\"alignleft size-medium wp-image-1227801\" src=\"https:\/\/www.acapulco.press\/wp-content\/uploads\/2021\/05\/MARIO-MORENO-GOBERNADOR11-375x250.jpeg\" alt=\"\" width=\"375\" height=\"250\" \/>impulsar la construcci\u00f3n de bordos, presas y represas para apoyar a los campesinos y ganaderos, as\u00ed como gestionar el regreso de los programas sociales para beneficio de las familias, pues \u00ablo que Morena te quit\u00f3, Moreno te lo va a regresar\u00bb.<\/p>\n<p style=\"text-align: justify;\">Asimismo, en la comunidad de Buena Vista, de ese municipio, reiter\u00f3 que el apoyo al campo ser\u00e1 prioridad para su gobierno, con la introducci\u00f3n de tractores para tecnificar el campo, semilla mejorada, paquetes tecnol\u00f3gicos y fertilizante para todas y todos los campesinos.<\/p>\n<p style=\"text-align: justify;\"><img loading=\"lazy\" decoding=\"async\" class=\"alignleft size-medium wp-image-1227799\" src=\"https:\/\/www.acapulco.press\/wp-content\/uploads\/2021\/05\/MARIO-MORENO-GOBERNADOR4-375x207.jpeg\" alt=\"\" width=\"375\" height=\"207\" \/>En la localidad de Las Mesas, en el municipio de San Marcos, acompa\u00f1ado de Greta Ventura candidata a diputada federal y Lenny Salmer\u00f3n, candidata a la diputaci\u00f3n local, plante\u00f3 detonar el desarrollo tur\u00edstico para generar los empleos que la regi\u00f3n necesita y fortalecer tambi\u00e9n al sector pesquero.<\/p>\n<p style=\"text-align: justify;\">El abanderado del proyecto Va por Guerrero tambi\u00e9n pidi\u00f3 el voto de confianza para todos los candidatos y candidatas de la alianza en cada municipio y distrito electoral, pues habr\u00e1n de trabajar en conjunto por el desarrollo de Guerrero.<\/p>\n<p style=\"text-align: justify;\">En el evento de Las Mesas, en medio de una enorme euforia y alegr\u00eda del pueblo, surgi\u00f3 la voz de una menor, que de manera improvisada tom\u00f3 el micr\u00f3fono para decirle a Mario Moreno que conf\u00eda en que ser\u00e1 el mejor gobernador de Guerrero: \u00abLos ni\u00f1os y las mujeres necesitamos ayuda de Mario Moreno por eso venimos apoyarlo con la fuerza de nuestro coraz\u00f3n\u00bb le dijo.<\/p>\n\n<p style=\"text-align: justify;\">\n","protected":false},"excerpt":{"rendered":"<p>] TECOANAPA\/SAN MARCOS, Gro. * 18 de mayo de 2021. ) Especial. \u00abVamos a llenar las urnas de votos porque Guerrero merece un mejor futuro, Guerrero merece un mejor desarrollo y ese futuro est\u00e1 con esta gran alianza\u00bb dijo el candidato del PRI\/PRD Mario Moreno Arcos en su gira de campa\u00f1a por la regi\u00f3n Costa&#8230;<\/p>\n","protected":false},"author":2,"featured_media":1227802,"comment_status":"closed","ping_status":"closed","sticky":false,"template":"","format":"standard","meta":{"footnotes":""},"categories":[2053,1972],"tags":[3684,5928,9302,12685],"class_list":["post-1227795","post","type-post","status-publish","format-standard","has-post-thumbnail","hentry","category-elecciones-special","category-special","tag-alianza-pri-prd-guerrero-2021","tag-coalicion-va-por-guerrero","tag-gobierno-de-guerrero","tag-mario-moreno-arcos"],"_links":{"self":[{"href":"https:\/\/www.acapulcopress.com\/index.php\/wp-json\/wp\/v2\/posts\/1227795","targetHints":{"allow":["GET"]}}],"collection":[{"href":"https:\/\/www.acapulcopress.com\/index.php\/wp-json\/wp\/v2\/posts"}],"about":[{"href":"https:\/\/www.acapulcopress.com\/index.php\/wp-json\/wp\/v2\/types\/post"}],"author":[{"embeddable":true,"href":"https:\/\/www.acapulcopress.com\/index.php\/wp-json\/wp\/v2\/users\/2"}],"replies":[{"embeddable":true,"href":"https:\/\/www.acapulcopress.com\/index.php\/wp-json\/wp\/v2\/comments?post=1227795"}],"version-history":[{"count":0,"href":"https:\/\/www.acapulcopress.com\/index.php\/wp-json\/wp\/v2\/posts\/1227795\/revisions"}],"wp:featuredmedia":[{"embeddable":true,"href":"https:\/\/www.acapulcopress.com\/index.php\/wp-json\/"}],"wp:attachment":[{"href":"https:\/\/www.acapulcopress.com\/index.php\/wp-json\/wp\/v2\/media?parent=1227795"}],"wp:term":[{"taxonomy":"category","embeddable":true,"href":"https:\/\/www.acapulcopress.com\/index.php\/wp-json\/wp\/v2\/categories?post=1227795"},{"taxonomy":"post_tag","embeddable":true,"href":"https:\/\/www.acapulcopress.com\/index.php\/wp-json\/wp\/v2\/tags?post=1227795"}],"curies":[{"name":"wp","href":"https:\/\/api.w.org\/{rel}","templated":true}]}}