{"id":1227839,"date":"2021-05-18T23:27:28","date_gmt":"2021-05-19T04:27:28","guid":{"rendered":"https:\/\/www.acapulco.press\/?p=1227839"},"modified":"2021-05-18T23:27:28","modified_gmt":"2021-05-19T04:27:28","slug":"video-exhibe-poder-de-felix-sobre-evelyn","status":"publish","type":"post","link":"https:\/\/www.acapulcopress.com\/index.php\/2021\/05\/18\/video-exhibe-poder-de-felix-sobre-evelyn\/","title":{"rendered":"Video exhibe poder de F\u00e9lix sobre Evelyn"},"content":{"rendered":"<p style=\"text-align: justify;\"><strong>* Lo ocurrido en video donde F\u00e9lix Salgado &#8216;jalonea&#8217; a su hija par darle algunas instrucciones, confirma las sospechas que la candidata de Morena insistentemente niega, a saber, que no es \u2018Juanita\u2019 y que de ganar la gubernatura no le ceder\u00e1 el poder a su padre, porque su padre no interfiere en sus decisiones personales ni pol\u00edticas<\/strong><\/p>\n<p style=\"text-align: justify;\">\u00bb El <strong>Brujo Chiripero<\/strong><br \/>\n] REDES SOCIALES. * 18 de mayo de 2021.<br \/>\n<em>) Acapulco.press.<\/em><\/p>\n<p style=\"text-align: justify;\">No es la primera vez que ocurre.<\/p>\n<p style=\"text-align: justify;\">Ya con anterioridad, en videos difundidos desde la p\u00e1gina oficial de F\u00e9lix Salgado, se ha palpado c\u00f3mo al t\u00e9rmino de algunos eventos el propio F\u00e9lix toma por los brazos a su hija, Evelyn Salgado Pineda, candidata de Morena al gobierno de Guerrero, y se la lleva con &#8216;jaloneos&#8217; suaves justo cuando ella a\u00fan se halla despidi\u00e9ndose de sus fans con sus manos y besos a distancia.<\/p>\n<p style=\"text-align: justify;\">Sin embargo, el &#8216;tir\u00f3n&#8217; de brazo y ademanes enf\u00e1ticos durante las evidentes instrucciones que se observan en el video, publicado ayer por la <em>Agencia de Noticias de M\u00e9xico<\/em>, son m\u00e1s evidente que los anteriores.<\/p>\n<p style=\"text-align: justify;\">Durante el evento del pasado lunes 17 de mayo en El Ocotito &#8211;que m\u00e1s bien fue otro t\u00edpico &#8216;espect\u00e1culo de canto&#8217; con los que \u00faltimamente acostumbran &#8216;Los Salgado&#8217; entretener a los asistentes a sus actos de campa\u00f1a&#8211;, se observa claramente cuando F\u00e9lix Salgado toma del brazo a su hija y la hala hacia \u00e9l, despu\u00e9s de que esta se yergue tras haber cruzado palabras con algunas personas abajo de la tarima. Acto seguido, se mira a F\u00e9lix Salgado asi\u00e9ndola de la espalda y d\u00e1ndoles instrucciones muy enf\u00e1ticas que ella asienta sin cuestionar tanto. Segundos despu\u00e9s, Evelyn se separa de su padre y se acerca con aparente naturalidad a Norma Otilia Hern\u00e1ndez, candidata de Morena a presidenta de Chilpancingo, quien con el tema de Juan Gabriel \u00abAmor Eterno\u00bb tambi\u00e9n participa en el &#8216;show de canto&#8217; conque F\u00e9lix y Evelyn amenizan sus eventos proselitistas en busca del voto.<\/p>\n<p style=\"text-align: justify;\">La acci\u00f3n del excandidato de Morena inhabilitado por haber violado las normas electorales del INE no fue bien vista por los usuarios de las redes sociales, quienes criticaron fuertemente el &#8216;jaloneo&#8217; de F\u00e9lix Salgado a su hija y la mism\u00edsima versi\u00f3n que Evelyn Salgado hab\u00eda vertido a Adela Micha durante la entrevista que la periodista le hiciera para el programa televisivo &#8216;Me lo dijo Adela&#8217;, donde la actual candidata a gobernadora por Morena neg\u00f3 rotundamente que su padre rigiera su campa\u00f1a y sus decisiones.<\/p>\n<p style=\"text-align: justify;\">Algunos usuarios cuestionaron con sorna y evidente sarcasmo a Evelyn Salgado por permitir tan evidentes &#8216;jaloneos&#8217; e instrucciones de su padre.<\/p>\n<p style=\"text-align: justify;\">\u00ab\u00bfAs\u00ed como jalonea a la hija quieren que (se) les crea que ella es la candidata y que ella gobernar\u00eda (Guerrero) en caso de ganar la elecci\u00f3n? \u00a1S\u00ed, aj\u00e1!\u00bb, se lee en uno de los comentarios del video posteado ayer en la p\u00e1gina de Facebook de la Agencia de Noticias de M\u00e9xico. Otros m\u00e1s hacen \u00e9nfasis al hecho de que definitivamente se palpa la mentira de Evelyn Salgado, quien con insistencia neg\u00f3 que su padre &#8216;<a href=\"https:\/\/www.acapulco.press\/special\/la-experiencia-no-importa-basta-cons-no-mentir-no-robar-y-no-traicionar-asegura-evelyn-salgado\/\" target=\"_blank\" rel=\"noopener\">no interfiere en sus decisiones<\/a>&#8216; y que, adem\u00e1s, casi &#8216;ni acude a sus eventos&#8217;, hecho totalmente falso, porque desde la imposici\u00f3n cupular de Evelyn Salgado Pineda como candidata de los <em>morenistas<\/em> su padre se ha convertido en el propulsor y gu\u00eda pol\u00edtico de su campa\u00f1a, que ahora amenizan con espect\u00e1culos de cantos para captar la atenci\u00f3n de los concurrentes que, muchas veces, terminan por aburrirse e irse por la falta de propuestas y proyectos que los convenzan.<\/p>\n<div style=\"width: 426px;\" class=\"wp-video\"><video class=\"wp-video-shortcode\" id=\"video-1227839-1\" width=\"426\" height=\"240\" preload=\"metadata\" controls=\"controls\"><source type=\"video\/mp4\" src=\"https:\/\/www.acapulco.press\/wp-content\/uploads\/2021\/05\/JALON-DE-FELIX-A-EVLYN.mp4?_=1\" \/><a href=\"https:\/\/www.acapulco.press\/wp-content\/uploads\/2021\/05\/JALON-DE-FELIX-A-EVLYN.mp4\">https:\/\/www.acapulco.press\/wp-content\/uploads\/2021\/05\/JALON-DE-FELIX-A-EVLYN.mp4<\/a><\/video><\/div>\n<p style=\"text-align: justify;\">www.<strong>acapulco.press<br \/>\n<\/strong>&#8211; &#8211; &#8211; &#8211; &#8211; &#8211;<strong><br \/>\n<\/strong>Nota Relacionada<strong><br \/>\nLa experiencia no importa; basta con \u00abno mentir, no robar y no traicionar\u00bb, asegura Evelyn Salgado<br \/>\n<\/strong>]<a href=\"https:\/\/www.acapulco.press\/special\/la-experiencia-no-importa-basta-cons-no-mentir-no-robar-y-no-traicionar-asegura-evelyn-salgado\" target=\"_blank\" rel=\"noopener\"><em>https:\/\/www.acapulco.press\/special\/la-experiencia-no-importa-basta-cons-no-mentir-no-robar-y-no-traicionar-asegura-evelyn-salgado<\/em><\/a><br \/>\n. . .<\/p>\n","protected":false},"excerpt":{"rendered":"<p>* Lo ocurrido en video donde F\u00e9lix Salgado &#8216;jalonea&#8217; a su hija par darle algunas instrucciones, confirma las sospechas que la candidata de Morena insistentemente niega, a saber, que no es \u2018Juanita\u2019 y que de ganar la gubernatura no le ceder\u00e1 el poder a su padre, porque su padre no interfiere en sus decisiones personales&#8230;<\/p>\n","protected":false},"author":2,"featured_media":1227840,"comment_status":"closed","ping_status":"closed","sticky":false,"template":"","format":"standard","meta":{"footnotes":""},"categories":[1997],"tags":[8251,8467,11239],"class_list":["post-1227839","post","type-post","status-publish","format-standard","has-post-thumbnail","hentry","category-noticias-destacadas","tag-evelyn-salgado-pineda","tag-felix-salgado-macedonio","tag-juanita-salgado"],"_links":{"self":[{"href":"https:\/\/www.acapulcopress.com\/index.php\/wp-json\/wp\/v2\/posts\/1227839","targetHints":{"allow":["GET"]}}],"collection":[{"href":"https:\/\/www.acapulcopress.com\/index.php\/wp-json\/wp\/v2\/posts"}],"about":[{"href":"https:\/\/www.acapulcopress.com\/index.php\/wp-json\/wp\/v2\/types\/post"}],"author":[{"embeddable":true,"href":"https:\/\/www.acapulcopress.com\/index.php\/wp-json\/wp\/v2\/users\/2"}],"replies":[{"embeddable":true,"href":"https:\/\/www.acapulcopress.com\/index.php\/wp-json\/wp\/v2\/comments?post=1227839"}],"version-history":[{"count":0,"href":"https:\/\/www.acapulcopress.com\/index.php\/wp-json\/wp\/v2\/posts\/1227839\/revisions"}],"wp:featuredmedia":[{"embeddable":true,"href":"https:\/\/www.acapulcopress.com\/index.php\/wp-json\/"}],"wp:attachment":[{"href":"https:\/\/www.acapulcopress.com\/index.php\/wp-json\/wp\/v2\/media?parent=1227839"}],"wp:term":[{"taxonomy":"category","embeddable":true,"href":"https:\/\/www.acapulcopress.com\/index.php\/wp-json\/wp\/v2\/categories?post=1227839"},{"taxonomy":"post_tag","embeddable":true,"href":"https:\/\/www.acapulcopress.com\/index.php\/wp-json\/wp\/v2\/tags?post=1227839"}],"curies":[{"name":"wp","href":"https:\/\/api.w.org\/{rel}","templated":true}]}}