{"id":1227864,"date":"2021-05-19T00:02:16","date_gmt":"2021-05-19T05:02:16","guid":{"rendered":"https:\/\/www.acapulco.press\/?p=1227864"},"modified":"2021-05-19T00:02:16","modified_gmt":"2021-05-19T05:02:16","slug":"angel-irra-de-mentiras-y-verdades","status":"publish","type":"post","link":"https:\/\/www.acapulcopress.com\/index.php\/2021\/05\/19\/angel-irra-de-mentiras-y-verdades\/","title":{"rendered":"\u00c1ngel Irra | De mentiras y verdades"},"content":{"rendered":"<p style=\"text-align: justify;\">Un Rapid\u00edn<br \/>\n] Con <strong>\u00c1gel Irra Carceda<\/strong><br \/>\n<em>\u00bb angelirracar@hotmail.com<\/em><\/p>\n<p style=\"text-align: justify;\">Mientras que en Morena presumen adhesiones ficticias de actores pol\u00edticos a su campa\u00f1a y, en especial, a su candidata a la gubernatura, Evelyn Salgado Pineda, en la Alianza PRI-PRD demuestran la suma de otros, muy <img loading=\"lazy\" decoding=\"async\" class=\"alignleft size-medium wp-image-1227866\" src=\"https:\/\/www.acapulco.press\/wp-content\/uploads\/2021\/05\/MORENO-ARCOS-375x214.jpg\" alt=\"\" width=\"375\" height=\"214\" \/>fehacientemente.<\/p>\n<p style=\"text-align: justify;\">El lunes, en El Ocotito, municipio de Chilpancingo, Evelyn Salgado estuvo en un evento y coincidi\u00f3 ah\u00ed con actividades proselitistas de Lilibeth N\u00e1jera Roldan, candidata de la coalici\u00f3n de los partidos Verde Ecologista y del Trabajo a la diputaci\u00f3n local por el distrito electoral 02 (Chilpancingo).<\/p>\n<p style=\"text-align: justify;\">Los morenistas, con la complicidad de unos verdeecologistas, la invitaron a subir al templete donde estaba Evelyn Salgado, y de buena fe acept\u00f3, pero lo hizo solo para manifestar su benepl\u00e1cito porque partidos pol\u00edticos tomaran en cuenta a las mujeres para cargos de elecci\u00f3n popular.<\/p>\n<p style=\"text-align: justify;\">Pero, en un bolet\u00edn del equipo de Evelyn Salgado, mintieron al se\u00f1alar que lo hizo para adherirse a Morena y a la campa\u00f1a de Evelyn Salgado, pero este martes 18 lo aclar\u00f3 categ\u00f3ricamente la propia Lilibeth N\u00e1jera Roldan. No hubo tal adhesi\u00f3n a la hija de F\u00e9lix Salgado.<\/p>\n<p style=\"text-align: justify;\">\u00bfNo mentir? S\u00ed, chucha. Est\u00e1 claro que todo lo que a todo lo que pregonan hay que darle lectura al rev\u00e9s. Si el ejemplo lo ponen a diario desde Palacio Nacional.<\/p>\n<p style=\"text-align: justify;\">Total, que fueron exhibidos p\u00fablicamente como mentirosos.<\/p>\n<p style=\"text-align: justify;\">Pero, por parte de la campa\u00f1a del candidato de la Alianza PRI-PRD a la gubernatura, Mario Moreno Arcos, contin\u00faan las adhesiones y s\u00ed son de carne y hueso.<\/p>\n<p style=\"text-align: justify;\">Mario Moreno Arcos recibi\u00f3 este martes la adhesi\u00f3n de l\u00edderes pol\u00edticos de Movimiento Ciudadano y del propio partido Morena.<\/p>\n<p style=\"text-align: justify;\">En Tierra Colorada (Juan R. Escudero) recibi\u00f3 el respaldo del coordinador regional de Movimiento Ciudadano en Costa Chica, No\u00e9 Acevedo Flores, y de la candidata de MC a la Alcald\u00eda, Leylanni Yatzel de la Cruz Hip\u00f3lito.<br \/>\nLas cosas como son. As\u00ed de simple. Venga de ah\u00ed mis adoradas focas. Siquiera ganen para algunas sardinas.<\/p>\n","protected":false},"excerpt":{"rendered":"<p>Un Rapid\u00edn ] Con \u00c1gel Irra Carceda \u00bb angelirracar@hotmail.com Mientras que en Morena presumen adhesiones ficticias de actores pol\u00edticos a su campa\u00f1a y, en especial, a su candidata a la gubernatura, Evelyn Salgado Pineda, en la Alianza PRI-PRD demuestran la suma de otros, muy fehacientemente. El lunes, en El Ocotito, municipio de Chilpancingo, Evelyn Salgado&#8230;<\/p>\n","protected":false},"author":2,"featured_media":1227865,"comment_status":"closed","ping_status":"closed","sticky":false,"template":"","format":"standard","meta":{"footnotes":""},"categories":[2071,1991],"tags":[3938,8251,12685,17510],"class_list":["post-1227864","post","type-post","status-publish","format-standard","has-post-thumbnail","hentry","category-opinion-analisis-columnas","category-libertad-de-expresion","tag-angel-irra-carceda","tag-evelyn-salgado-pineda","tag-mario-moreno-arcos","tag-un-rapidi"],"_links":{"self":[{"href":"https:\/\/www.acapulcopress.com\/index.php\/wp-json\/wp\/v2\/posts\/1227864","targetHints":{"allow":["GET"]}}],"collection":[{"href":"https:\/\/www.acapulcopress.com\/index.php\/wp-json\/wp\/v2\/posts"}],"about":[{"href":"https:\/\/www.acapulcopress.com\/index.php\/wp-json\/wp\/v2\/types\/post"}],"author":[{"embeddable":true,"href":"https:\/\/www.acapulcopress.com\/index.php\/wp-json\/wp\/v2\/users\/2"}],"replies":[{"embeddable":true,"href":"https:\/\/www.acapulcopress.com\/index.php\/wp-json\/wp\/v2\/comments?post=1227864"}],"version-history":[{"count":0,"href":"https:\/\/www.acapulcopress.com\/index.php\/wp-json\/wp\/v2\/posts\/1227864\/revisions"}],"wp:featuredmedia":[{"embeddable":true,"href":"https:\/\/www.acapulcopress.com\/index.php\/wp-json\/"}],"wp:attachment":[{"href":"https:\/\/www.acapulcopress.com\/index.php\/wp-json\/wp\/v2\/media?parent=1227864"}],"wp:term":[{"taxonomy":"category","embeddable":true,"href":"https:\/\/www.acapulcopress.com\/index.php\/wp-json\/wp\/v2\/categories?post=1227864"},{"taxonomy":"post_tag","embeddable":true,"href":"https:\/\/www.acapulcopress.com\/index.php\/wp-json\/wp\/v2\/tags?post=1227864"}],"curies":[{"name":"wp","href":"https:\/\/api.w.org\/{rel}","templated":true}]}}