{"id":1227873,"date":"2021-05-19T00:21:39","date_gmt":"2021-05-19T05:21:39","guid":{"rendered":"https:\/\/www.acapulco.press\/?p=1227873"},"modified":"2021-05-19T00:21:39","modified_gmt":"2021-05-19T05:21:39","slug":"mario-moreno-se-dice-mas-que-preparado-para-el-segundo-debate-del-iepc-este-miercoles","status":"publish","type":"post","link":"https:\/\/www.acapulcopress.com\/index.php\/2021\/05\/19\/mario-moreno-se-dice-mas-que-preparado-para-el-segundo-debate-del-iepc-este-miercoles\/","title":{"rendered":"Mario Moreno se dice \u00abm\u00e1s que preparado\u00bb para el Segundo Debate del IEPC, este mi\u00e9rcoles"},"content":{"rendered":"<p style=\"text-align: justify;\">] ACAPULCO, Gro. * 18 de mayo de 2021.<br \/>\n<em>) Especial.<\/em><\/p>\n<p style=\"text-align: justify;\">El candidato de la alianza PRI-PRD Mario Moreno Arcos se dijo preparado para asistir al debate p\u00fablico organizado por el IEPC, este mi\u00e9rcoles, donde presentar\u00e1 sus propuestas orientadas a impulsar el desarrollo de Guerrero.<\/p>\n<p style=\"text-align: justify;\">\u00abGuerrero necesita de gente buena, somos m\u00e1s los que queremos que en Guerrero prevalezca el orden, la verdad, la libertad y la democracia\u00bb les dijo en Acapulco, durante su encuentro con <em>Fuerza Marquesana<\/em> en donde estuvo acompa\u00f1ado del candidato a presidente municipal Ricardo Taja.<\/p>\n<p style=\"text-align: justify;\">\u00abLos debates son de suma importancia para poder tomar una decisi\u00f3n de qui\u00e9n ser\u00e1 la persona que lleve las riendas del estado en los pr\u00f3ximos 6 a\u00f1os y definitivamente no es huyendo de un debate como t\u00fa puedes presentar tus propuestas a las y los guerrerenses\u00bb dijo en entrevista a medios de comunicaci\u00f3n<\/p>\n<p style=\"text-align: justify;\">\u201cAcudir\u00e9 de manera muy responsable. Me compromet\u00ed a participar muy activamente en esta campa\u00f1a, lo estoy haciendo con toda responsabilidad, estoy caminando Guerrero muy cerca de la gente a la que visito para escuchar sus planteamientos, pero el organismo electoral est\u00e1 implementando estos debates, ya fui al primero y acudir\u00e9 a este segundo y no es huyendo a los debates como vas a lograr que la democracia impere en Guerrero\u201d recalc\u00f3.<\/p>\n<p style=\"text-align: justify;\">Durante su visita a Puerto Marqu\u00e9s, en donde los habitantes y prestadores de servicios le recibieron como en d\u00eda de fiesta, con una gran algarab\u00eda, acompa\u00f1ado del candidato a diputado local Ricardo Astudillo, dijo que el apoyo solidario que el gobierno del estado les ha brindado, Mario Moreno lo va a respetar, por lo que va a continuar apoyando a sus amigas y amigos marquesanos.<\/p>\n<p style=\"text-align: justify;\">En ese mismo acto, pidi\u00f3 a los acapulque\u00f1os acudir con seguridad y firmeza, pero sobre todo con mucha responsabilidad, a votar el 6 de junio para que el triunfo de la alianza PRI-PRD sea contundente y que no deje lugar a dudas de la voluntad de las y los guerrerenses. \u201cHay que retacar las urnas con votos para los candidatos del PRI-PRD para que gane Guerrero\u201d, dijo finalmente en compa\u00f1\u00eda del candidato a diputado federal, Jame Col\u00f3n.<\/p>\n","protected":false},"excerpt":{"rendered":"<p>] ACAPULCO, Gro. * 18 de mayo de 2021. ) Especial. El candidato de la alianza PRI-PRD Mario Moreno Arcos se dijo preparado para asistir al debate p\u00fablico organizado por el IEPC, este mi\u00e9rcoles, donde presentar\u00e1 sus propuestas orientadas a impulsar el desarrollo de Guerrero. \u00abGuerrero necesita de gente buena, somos m\u00e1s los que queremos&#8230;<\/p>\n","protected":false},"author":2,"featured_media":1227874,"comment_status":"closed","ping_status":"closed","sticky":false,"template":"","format":"standard","meta":{"footnotes":""},"categories":[2052,18561],"tags":[12685,16373],"class_list":["post-1227873","post","type-post","status-publish","format-standard","has-post-thumbnail","hentry","category-elecciones","category-society-politics","tag-mario-moreno-arcos","tag-segundo-debate-iepcgro"],"_links":{"self":[{"href":"https:\/\/www.acapulcopress.com\/index.php\/wp-json\/wp\/v2\/posts\/1227873","targetHints":{"allow":["GET"]}}],"collection":[{"href":"https:\/\/www.acapulcopress.com\/index.php\/wp-json\/wp\/v2\/posts"}],"about":[{"href":"https:\/\/www.acapulcopress.com\/index.php\/wp-json\/wp\/v2\/types\/post"}],"author":[{"embeddable":true,"href":"https:\/\/www.acapulcopress.com\/index.php\/wp-json\/wp\/v2\/users\/2"}],"replies":[{"embeddable":true,"href":"https:\/\/www.acapulcopress.com\/index.php\/wp-json\/wp\/v2\/comments?post=1227873"}],"version-history":[{"count":0,"href":"https:\/\/www.acapulcopress.com\/index.php\/wp-json\/wp\/v2\/posts\/1227873\/revisions"}],"wp:featuredmedia":[{"embeddable":true,"href":"https:\/\/www.acapulcopress.com\/index.php\/wp-json\/"}],"wp:attachment":[{"href":"https:\/\/www.acapulcopress.com\/index.php\/wp-json\/wp\/v2\/media?parent=1227873"}],"wp:term":[{"taxonomy":"category","embeddable":true,"href":"https:\/\/www.acapulcopress.com\/index.php\/wp-json\/wp\/v2\/categories?post=1227873"},{"taxonomy":"post_tag","embeddable":true,"href":"https:\/\/www.acapulcopress.com\/index.php\/wp-json\/wp\/v2\/tags?post=1227873"}],"curies":[{"name":"wp","href":"https:\/\/api.w.org\/{rel}","templated":true}]}}