{"id":1227880,"date":"2021-05-19T13:56:16","date_gmt":"2021-05-19T18:56:16","guid":{"rendered":"https:\/\/www.acapulco.press\/?p=1227880"},"modified":"2021-05-19T13:56:16","modified_gmt":"2021-05-19T18:56:16","slug":"fiscalia-guerrero-logra-100-anos-de-prision-contra-secuestradores-de-zihuatanejo","status":"publish","type":"post","link":"https:\/\/www.acapulcopress.com\/index.php\/2021\/05\/19\/fiscalia-guerrero-logra-100-anos-de-prision-contra-secuestradores-de-zihuatanejo\/","title":{"rendered":"Fiscal\u00eda Guerrero logra 100 a\u00f1os de prisi\u00f3n contra secuestradores de Zihuatanejo"},"content":{"rendered":"<p style=\"text-align: justify;\">] ACAPULCO, Gro. * 19 de mayo de 2021.<br \/>\n<em>)<a href=\"https:\/\/fiscaliaguerrero.gob.mx\" target=\"_blank\" rel=\"noopener\"> https:\/\/fiscaliaguerrero.gob.mx<\/a>.<\/em><\/p>\n<p style=\"text-align: justify;\">La Fiscal\u00eda General del Estado a trav\u00e9s de la Fiscal\u00eda Especializada Contra el Secuestro, logr\u00f3 la sentencia de 100 a\u00f1os de prisi\u00f3n en contra de 5 masculinos y una f\u00e9mina, como responsables del delito de Secuestro Agravado en agravio de dos v\u00edctimas.<\/p>\n<p style=\"text-align: justify;\">A los sentenciados se les acredit\u00f3 su responsabilidad en los hechos de la carpeta de juicio oral JO-04\/2020, se\u00f1alando que el d\u00eda 10 de mayo de 2018 las dos v\u00edctimas fueron interceptadas al salir de un restaurante para, seguidamente, trasladarlos a una casa de seguridad, exigiendo a familiares una cantidad por su liberaci\u00f3n.<\/p>\n<p style=\"text-align: justify;\">Mediante trabajo de inteligencia elementos policiacos ubicaron el lugar, y en operativo desplegado se logr\u00f3 el rescate de las v\u00edctimas y la detenci\u00f3n en flagrancia de los ahora sentenciados, Geraldine \u201cN\u201d, Franco Daniel \u201cN\u201d, Carlos \u201cN\u201d, Luis David \u201cN\u201d, Omar \u201cN\u201d y Jos\u00e9 Alberto \u201cN\u201d.<\/p>\n<p style=\"text-align: justify;\">Con fecha 18 de mayo de 2021, se dio por concluida la audiencia de juicio oral, en la cual se dict\u00f3 a cada uno el fallo condenatorio de 50 a\u00f1os de prisi\u00f3n por cada v\u00edctima y tendr\u00e1n que cubrir una multa; permanecer\u00e1n hasta purgar su condena en el Centro de Reinserci\u00f3n Social de Acapulco.<\/p>\n<p><strong>40 A\u00d1OS DE C\u00c1RCEL A MUJER ASESINA\u00a0<\/strong><\/p>\n<p><img loading=\"lazy\" decoding=\"async\" class=\"alignleft size-medium wp-image-1227887\" src=\"https:\/\/www.acapulco.press\/wp-content\/uploads\/2021\/05\/FGE-ARLENE-HOMICIDA-375x375.jpg\" alt=\"\" width=\"375\" height=\"375\" \/>40 a\u00f1os de prisi\u00f3n logr\u00f3 el Ministerio P\u00fablico adscrito en Chilpancingo en contra de Arlene \u00abN\u00bb, como responsable del delito de homicidio en agravio de Edson Ramiro \u00abN\u00bb, hechos en la carpeta de juicio oral JO-19\/2020.<\/p>\n<p style=\"text-align: justify;\">La imputada fue detenida en el momento de cometer el delito el d\u00eda 13 de octubre de 2019, cuando al estar ingiriendo bebidas alcoh\u00f3licas tuvieron una discusi\u00f3n y la imputada le provoc\u00f3 a la v\u00edctima una herida mortal ocasionando que perdiera la vida.<\/p>\n<p style=\"text-align: justify;\">El d\u00eda 18 de mayo del presente a\u00f1o, tuvo verificativo la audiencia de individualizaci\u00f3n de sanciones, en el cual el Tribunal de Enjuiciamiento Penal dict\u00f3 la sentencia condenatoria de 40 a\u00f1os de prisi\u00f3n, as\u00ed tambi\u00e9n pagar\u00e1 una suma en efectivo como parte de la reparaci\u00f3n del da\u00f1o, quedando interna en el Centro de Reinserci\u00f3n Social de Chilpancingo de los Bravo.<\/p>\n","protected":false},"excerpt":{"rendered":"<p>] ACAPULCO, Gro. * 19 de mayo de 2021. ) https:\/\/fiscaliaguerrero.gob.mx. La Fiscal\u00eda General del Estado a trav\u00e9s de la Fiscal\u00eda Especializada Contra el Secuestro, logr\u00f3 la sentencia de 100 a\u00f1os de prisi\u00f3n en contra de 5 masculinos y una f\u00e9mina, como responsables del delito de Secuestro Agravado en agravio de dos v\u00edctimas. A los&#8230;<\/p>\n","protected":false},"author":2,"featured_media":1227881,"comment_status":"closed","ping_status":"closed","sticky":false,"template":"","format":"standard","meta":{"footnotes":""},"categories":[18561,2005],"tags":[8709,10946,14737],"class_list":["post-1227880","post","type-post","status-publish","format-standard","has-post-thumbnail","hentry","category-society-politics","category-seguridad-y-justicia","tag-fiscalia-general-del-estado-e-guerrero-fgegro","tag-jorge-zuriel-de-los-santos-barrila","tag-policia-ministerial-de-guerrero"],"_links":{"self":[{"href":"https:\/\/www.acapulcopress.com\/index.php\/wp-json\/wp\/v2\/posts\/1227880","targetHints":{"allow":["GET"]}}],"collection":[{"href":"https:\/\/www.acapulcopress.com\/index.php\/wp-json\/wp\/v2\/posts"}],"about":[{"href":"https:\/\/www.acapulcopress.com\/index.php\/wp-json\/wp\/v2\/types\/post"}],"author":[{"embeddable":true,"href":"https:\/\/www.acapulcopress.com\/index.php\/wp-json\/wp\/v2\/users\/2"}],"replies":[{"embeddable":true,"href":"https:\/\/www.acapulcopress.com\/index.php\/wp-json\/wp\/v2\/comments?post=1227880"}],"version-history":[{"count":0,"href":"https:\/\/www.acapulcopress.com\/index.php\/wp-json\/wp\/v2\/posts\/1227880\/revisions"}],"wp:featuredmedia":[{"embeddable":true,"href":"https:\/\/www.acapulcopress.com\/index.php\/wp-json\/"}],"wp:attachment":[{"href":"https:\/\/www.acapulcopress.com\/index.php\/wp-json\/wp\/v2\/media?parent=1227880"}],"wp:term":[{"taxonomy":"category","embeddable":true,"href":"https:\/\/www.acapulcopress.com\/index.php\/wp-json\/wp\/v2\/categories?post=1227880"},{"taxonomy":"post_tag","embeddable":true,"href":"https:\/\/www.acapulcopress.com\/index.php\/wp-json\/wp\/v2\/tags?post=1227880"}],"curies":[{"name":"wp","href":"https:\/\/api.w.org\/{rel}","templated":true}]}}