{"id":1227904,"date":"2021-05-19T16:45:50","date_gmt":"2021-05-19T21:45:50","guid":{"rendered":"https:\/\/www.acapulco.press\/?p=1227904"},"modified":"2021-05-19T16:45:50","modified_gmt":"2021-05-19T21:45:50","slug":"anuncia-taja-dotacion-de-tortillas-gratuitas-a-familias-con-mayores-necesidades-economicas","status":"publish","type":"post","link":"https:\/\/www.acapulcopress.com\/index.php\/2021\/05\/19\/anuncia-taja-dotacion-de-tortillas-gratuitas-a-familias-con-mayores-necesidades-economicas\/","title":{"rendered":"Anuncia #Taja dotaci\u00f3n de tortillas gratuitas a familias con mayores necesidades econ\u00f3micas"},"content":{"rendered":"<p style=\"text-align: justify;\">] ACAPULCO, Gro. * 19 de mayo de 2021.<br \/>\n<em>) Especial.<\/em><\/p>\n<p style=\"text-align: justify;\">El candidato de la coalici\u00f3n PRI\/PRD, Ricardo Taja Ram\u00edrez, sostuvo que no les va a fallar a los acapulque\u00f1os <img loading=\"lazy\" decoding=\"async\" class=\"alignleft size-medium wp-image-1227912\" src=\"https:\/\/www.acapulco.press\/wp-content\/uploads\/2021\/05\/taja-tortillas7-375x211.jpeg\" alt=\"\" width=\"375\" height=\"211\" \/>porque pondr\u00e1 todo su empe\u00f1o en tener \u00e9xito en el gobierno durante el recorrido que realiz\u00f3 muy temprano al mercado de Vallarta, lugar que no hab\u00eda sido visitado por ning\u00fan pol\u00edtico y que se encuentra en total abandono.<\/p>\n<p style=\"text-align: justify;\">Al visitar puesto por puesto, Ricardo Taja se comprometi\u00f3 con los locatarios en la remodelaci\u00f3n de dicho mercado y reiter\u00f3 algunos de sus compromisos que traer\u00e1n beneficios a la poblaci\u00f3n como el programa Borr\u00f3n y Cuenta Nueva en predial y agua potable.<\/p>\n<p style=\"text-align: justify;\"><img loading=\"lazy\" decoding=\"async\" class=\"alignleft size-medium wp-image-1227911\" src=\"https:\/\/www.acapulco.press\/wp-content\/uploads\/2021\/05\/taja-tortillas6-375x211.jpeg\" alt=\"\" width=\"375\" height=\"211\" \/>Destac\u00f3 que una vez en el gobierno, se dar\u00e1 tortillas gratuitas a las familias m\u00e1s necesitadas en apoyo a la econom\u00eda de la poblaci\u00f3n, otorgar\u00e1 cr\u00e9ditos a la palabra y habr\u00e1 programas a mujeres emprendedoras y jefas de familia para poder contrarrestar los efectos de la pandemia en cuesti\u00f3n econ\u00f3mica.<\/p>\n<p style=\"text-align: justify;\">Taja Ram\u00edrez a\u00f1adi\u00f3 que Acapulco necesita un relanzamiento y por ello, en coordinaci\u00f3n con Mario Moreno Arcos como gobernador del Estado, van a hacer el cambio que realmente necesita este destino tur\u00edstico.<\/p>\n<p style=\"text-align: justify;\">Los comerciantes expresaron su confianza en que los problemas que plantean como locatarios sean resueltos por el pr\u00f3ximo alcalde de Acapulco a quien tambi\u00e9n le pidieron que haya una reorganizaci\u00f3n del comercio que asfixia las vialidades y las convierte en una trampa.<\/p>\n<p><img loading=\"lazy\" decoding=\"async\" class=\"alignnone wp-image-1227906 size-large\" src=\"https:\/\/www.acapulco.press\/wp-content\/uploads\/2021\/05\/taja-tortillas-840x473.jpeg\" alt=\"\" width=\"840\" height=\"473\" \/><\/p>\n","protected":false},"excerpt":{"rendered":"<p>] ACAPULCO, Gro. * 19 de mayo de 2021. ) Especial. El candidato de la coalici\u00f3n PRI\/PRD, Ricardo Taja Ram\u00edrez, sostuvo que no les va a fallar a los acapulque\u00f1os porque pondr\u00e1 todo su empe\u00f1o en tener \u00e9xito en el gobierno durante el recorrido que realiz\u00f3 muy temprano al mercado de Vallarta, lugar que no&#8230;<\/p>\n","protected":false},"author":2,"featured_media":1227909,"comment_status":"closed","ping_status":"closed","sticky":false,"template":"","format":"standard","meta":{"footnotes":""},"categories":[2053,1972],"tags":[5938,15607,17705],"class_list":["post-1227904","post","type-post","status-publish","format-standard","has-post-thumbnail","hentry","category-elecciones-special","category-special","tag-coalicion-pri-prd","tag-ricardo-taja-ramirez-presidencia-de-acapulco","tag-va-por-acapulco"],"_links":{"self":[{"href":"https:\/\/www.acapulcopress.com\/index.php\/wp-json\/wp\/v2\/posts\/1227904","targetHints":{"allow":["GET"]}}],"collection":[{"href":"https:\/\/www.acapulcopress.com\/index.php\/wp-json\/wp\/v2\/posts"}],"about":[{"href":"https:\/\/www.acapulcopress.com\/index.php\/wp-json\/wp\/v2\/types\/post"}],"author":[{"embeddable":true,"href":"https:\/\/www.acapulcopress.com\/index.php\/wp-json\/wp\/v2\/users\/2"}],"replies":[{"embeddable":true,"href":"https:\/\/www.acapulcopress.com\/index.php\/wp-json\/wp\/v2\/comments?post=1227904"}],"version-history":[{"count":0,"href":"https:\/\/www.acapulcopress.com\/index.php\/wp-json\/wp\/v2\/posts\/1227904\/revisions"}],"wp:featuredmedia":[{"embeddable":true,"href":"https:\/\/www.acapulcopress.com\/index.php\/wp-json\/"}],"wp:attachment":[{"href":"https:\/\/www.acapulcopress.com\/index.php\/wp-json\/wp\/v2\/media?parent=1227904"}],"wp:term":[{"taxonomy":"category","embeddable":true,"href":"https:\/\/www.acapulcopress.com\/index.php\/wp-json\/wp\/v2\/categories?post=1227904"},{"taxonomy":"post_tag","embeddable":true,"href":"https:\/\/www.acapulcopress.com\/index.php\/wp-json\/wp\/v2\/tags?post=1227904"}],"curies":[{"name":"wp","href":"https:\/\/api.w.org\/{rel}","templated":true}]}}