{"id":1227945,"date":"2021-05-19T21:19:46","date_gmt":"2021-05-20T02:19:46","guid":{"rendered":"https:\/\/www.acapulco.press\/?p=1227945"},"modified":"2021-05-19T21:19:46","modified_gmt":"2021-05-20T02:19:46","slug":"dos-pastores-belga-malinois-refuerzan-la-unidad-canina-de-busqueda-de-fge","status":"publish","type":"post","link":"https:\/\/www.acapulcopress.com\/index.php\/2021\/05\/19\/dos-pastores-belga-malinois-refuerzan-la-unidad-canina-de-busqueda-de-fge\/","title":{"rendered":"Dos pastores &#8216;belga malinois&#8217; refuerzan la Unidad Canina de B\u00fasqueda de FGE"},"content":{"rendered":"<p style=\"text-align: justify;\">] CHILPANCINGO, Gro. * 19 de mayo de 2021.<br \/>\n<em>) <a href=\"https:\/\/fiscaliaguerrero.gob.mx\" target=\"_blank\" rel=\"noopener\">https:\/\/fiscaliaguerrero.gob.mx<\/a>.<\/em><\/p>\n<p style=\"text-align: justify;\">Con la finalidad de reforzar la Unidad Canina de B\u00fasqueda de la Fiscal\u00eda General del Estado, se integraron dos canes con especialidad en b\u00fasqueda y detecci\u00f3n de narc\u00f3ticos de la raza pastor <em>belga malinois<\/em>.<\/p>\n<p style=\"text-align: justify;\">Con estos nuevos elementos, la Unidad Canina ya cuenta con 7 canes especializados, 3 en detecci\u00f3n de narcoticos, 2 en explosivos y 2 m\u00e1s en restos humanos.<\/p>\n<p style=\"text-align: justify;\">Este d\u00eda la Asociaci\u00f3n Internacional de Formaci\u00f3n y Capacitaci\u00f3n de Adiestradores de Perros certific\u00f3 a 2 manejadores caninos, uno con especialidad de detecci\u00f3n y el segundo como instructor en las diferentes especialidades del \u00e1mbito canino, contando con esta Unidad con todos los manejadores debidamente certificados.<\/p>\n","protected":false},"excerpt":{"rendered":"<p>] CHILPANCINGO, Gro. * 19 de mayo de 2021. ) https:\/\/fiscaliaguerrero.gob.mx. Con la finalidad de reforzar la Unidad Canina de B\u00fasqueda de la Fiscal\u00eda General del Estado, se integraron dos canes con especialidad en b\u00fasqueda y detecci\u00f3n de narc\u00f3ticos de la raza pastor belga malinois. Con estos nuevos elementos, la Unidad Canina ya cuenta con&#8230;<\/p>\n","protected":false},"author":2,"featured_media":1227933,"comment_status":"closed","ping_status":"closed","sticky":false,"template":"","format":"standard","meta":{"footnotes":""},"categories":[18561,2005],"tags":[8709,10946,14737,17532],"class_list":["post-1227945","post","type-post","status-publish","format-standard","has-post-thumbnail","hentry","category-society-politics","category-seguridad-y-justicia","tag-fiscalia-general-del-estado-e-guerrero-fgegro","tag-jorge-zuriel-de-los-santos-barrila","tag-policia-ministerial-de-guerrero","tag-unidad-canina-de-busqueda"],"_links":{"self":[{"href":"https:\/\/www.acapulcopress.com\/index.php\/wp-json\/wp\/v2\/posts\/1227945","targetHints":{"allow":["GET"]}}],"collection":[{"href":"https:\/\/www.acapulcopress.com\/index.php\/wp-json\/wp\/v2\/posts"}],"about":[{"href":"https:\/\/www.acapulcopress.com\/index.php\/wp-json\/wp\/v2\/types\/post"}],"author":[{"embeddable":true,"href":"https:\/\/www.acapulcopress.com\/index.php\/wp-json\/wp\/v2\/users\/2"}],"replies":[{"embeddable":true,"href":"https:\/\/www.acapulcopress.com\/index.php\/wp-json\/wp\/v2\/comments?post=1227945"}],"version-history":[{"count":0,"href":"https:\/\/www.acapulcopress.com\/index.php\/wp-json\/wp\/v2\/posts\/1227945\/revisions"}],"wp:featuredmedia":[{"embeddable":true,"href":"https:\/\/www.acapulcopress.com\/index.php\/wp-json\/"}],"wp:attachment":[{"href":"https:\/\/www.acapulcopress.com\/index.php\/wp-json\/wp\/v2\/media?parent=1227945"}],"wp:term":[{"taxonomy":"category","embeddable":true,"href":"https:\/\/www.acapulcopress.com\/index.php\/wp-json\/wp\/v2\/categories?post=1227945"},{"taxonomy":"post_tag","embeddable":true,"href":"https:\/\/www.acapulcopress.com\/index.php\/wp-json\/wp\/v2\/tags?post=1227945"}],"curies":[{"name":"wp","href":"https:\/\/api.w.org\/{rel}","templated":true}]}}