{"id":1227950,"date":"2021-05-19T21:50:18","date_gmt":"2021-05-20T02:50:18","guid":{"rendered":"https:\/\/www.acapulco.press\/?p=1227950"},"modified":"2021-05-19T21:50:18","modified_gmt":"2021-05-20T02:50:18","slug":"estructura-perredista-de-victor-aguirre-llevara-a-la-presidencia-de-acapulco-a-ricardo-taja","status":"publish","type":"post","link":"https:\/\/www.acapulcopress.com\/index.php\/2021\/05\/19\/estructura-perredista-de-victor-aguirre-llevara-a-la-presidencia-de-acapulco-a-ricardo-taja\/","title":{"rendered":"Estructura perredista de V\u00edctor Aguirre llevar\u00e1 a la Presidencia de Acapulco a Ricardo Taja"},"content":{"rendered":"<p style=\"text-align: justify;\"><img loading=\"lazy\" decoding=\"async\" class=\"alignnone wp-image-1227952 size-large\" src=\"https:\/\/www.acapulco.press\/wp-content\/uploads\/2021\/05\/TAJA-AGUIRRE2-840x560.jpeg\" alt=\"\" width=\"840\" height=\"560\" \/><\/p>\n<p style=\"text-align: justify;\">] ACAPULCO, Gro. * 19 de mayo de 2021.<br \/>\n<em>) Especial.<\/em><\/p>\n<p style=\"text-align: justify;\">El candidato de la coalici\u00f3n PRI-PRD, Ricardo Taja Ram\u00edrez, recibi\u00f3 el respaldo de otra importante estructura perredista de V\u00edctor Aguirre Alcaide, quienes manifestaron que lo llevar\u00e1n al triunfo al comprometerse a ganar los distritos 5, 6 y 9 a favor de la coalici\u00f3n.<\/p>\n<p style=\"text-align: justify;\"><img loading=\"lazy\" decoding=\"async\" class=\"alignleft size-medium wp-image-1227956\" src=\"https:\/\/www.acapulco.press\/wp-content\/uploads\/2021\/05\/TAJA-AGUIRRE6-375x250.jpeg\" alt=\"\" width=\"375\" height=\"250\" \/>Taja Ram\u00edrez les dijo a los perredistas que son una parte fundamental para llegar y construir un mejor Acapulco y un mejor Guerrero con Mario Moreno Arcos. Por ello, agradeci\u00f3 a ese gran ej\u00e9rcito de operadores que lo llevar\u00e1n al triunfo este 6 de junio.<\/p>\n<p style=\"text-align: justify;\">\u00abQuiero agradecerles as\u00ed como tambi\u00e9n a V\u00edctor Aguirre porque juntos vamos a lograr con esta gran alianza en esta gran coalici\u00f3n el triunfo con Acapulco porque nuestro compromiso es con ustedes y con las familias del puerto\u00bb.<\/p>\n<p style=\"text-align: justify;\">Taja Ram\u00edrez asegur\u00f3 que va a trabajar para sacar Acapulco <img loading=\"lazy\" decoding=\"async\" class=\"alignleft size-medium wp-image-1227955\" src=\"https:\/\/www.acapulco.press\/wp-content\/uploads\/2021\/05\/TAJA-AGUIRRE5-375x250.jpeg\" alt=\"\" width=\"375\" height=\"250\" \/>de esta pobreza que duele y resalto que desde que lleg\u00f3 morena prometi\u00f3 mucho y no cumpli\u00f3 en nada.<\/p>\n<p style=\"text-align: justify;\">\u00abTodo lo que dijo Morena fue mentira, todo fue un gran fracaso, hoy s\u00ed le dan a los adultos mayores el doble de su pensi\u00f3n, pero se est\u00e1n muriendo cuando llegan a los hospitales porque no hay medicinas y se est\u00e1n muriendo no solamente del Covid-19, se est\u00e1n muriendo de cualquier enfermedad\u00bb.<\/p>\n<p style=\"text-align: justify;\">Ricardo Taja les dijo a los asistentes al encuentro que no se dejen espantar no por los cuervos sino por \u00abcuervos de la <img loading=\"lazy\" decoding=\"async\" class=\"alignleft size-medium wp-image-1227954\" src=\"https:\/\/www.acapulco.press\/wp-content\/uploads\/2021\/05\/TAJA-AGUIRRE4-375x250.jpeg\" alt=\"\" width=\"375\" height=\"250\" \/>naci\u00f3n\u00bb que les quieren sacar los ojos a la gente y los amenazan para que le sigan dando su voto.<\/p>\n<p style=\"text-align: justify;\">\u00abNadie les puede quitar lo que ya se les est\u00e1 dando\u00bb, asegur\u00f3.<\/p>\n<p style=\"text-align: justify;\">En la cancha principal de la colonia Emiliano Zapata, V\u00edctor Aguirre Alcaide convoc\u00f3 a su estructura a que pongan su mayor esfuerzo para hacer ganar a Ricardo Taja en esta alianza ganadora integrada por el PRI y el PRD.<\/p>\n<p style=\"text-align: justify;\">Por su parte, el coordinador de campa\u00f1a en Acapulco de Mario Moreno Arcos, Evodio Vel\u00e1zquez Aguirre dijo a los asistentes que se tiene que demostrar que la coalici\u00f3n va a gobernar bien y que juntos van a resolver los problemas en Acapulco y en Guerrero.<\/p>\n<p style=\"text-align: justify;\">Por \u00faltimo, convocaron a votar por los 4 candidatos de la colaci\u00f3n PRI-PRD para la gubernatura, alcald\u00eda y diputaciones local y federal para as\u00ed poder rescatar al municipio de Acapulco y al Estado de Guerrero.<\/p>\n<p><img loading=\"lazy\" decoding=\"async\" class=\"alignnone wp-image-1227951 size-large\" src=\"https:\/\/www.acapulco.press\/wp-content\/uploads\/2021\/05\/TAJA-AGUIRRE-840x560.jpeg\" alt=\"\" width=\"840\" height=\"560\" \/><\/p>\n","protected":false},"excerpt":{"rendered":"<p>] ACAPULCO, Gro. * 19 de mayo de 2021. ) Especial. El candidato de la coalici\u00f3n PRI-PRD, Ricardo Taja Ram\u00edrez, recibi\u00f3 el respaldo de otra importante estructura perredista de V\u00edctor Aguirre Alcaide, quienes manifestaron que lo llevar\u00e1n al triunfo al comprometerse a ganar los distritos 5, 6 y 9 a favor de la coalici\u00f3n. Taja&#8230;<\/p>\n","protected":false},"author":2,"featured_media":1227957,"comment_status":"closed","ping_status":"closed","sticky":false,"template":"","format":"standard","meta":{"footnotes":""},"categories":[2053,1972],"tags":[5938,15606,15607,17705,17843],"class_list":["post-1227950","post","type-post","status-publish","format-standard","has-post-thumbnail","hentry","category-elecciones-special","category-special","tag-coalicion-pri-prd","tag-ricardo-taja-ramirez","tag-ricardo-taja-ramirez-presidencia-de-acapulco","tag-va-por-acapulco","tag-victor-aguirre-alcaide"],"_links":{"self":[{"href":"https:\/\/www.acapulcopress.com\/index.php\/wp-json\/wp\/v2\/posts\/1227950","targetHints":{"allow":["GET"]}}],"collection":[{"href":"https:\/\/www.acapulcopress.com\/index.php\/wp-json\/wp\/v2\/posts"}],"about":[{"href":"https:\/\/www.acapulcopress.com\/index.php\/wp-json\/wp\/v2\/types\/post"}],"author":[{"embeddable":true,"href":"https:\/\/www.acapulcopress.com\/index.php\/wp-json\/wp\/v2\/users\/2"}],"replies":[{"embeddable":true,"href":"https:\/\/www.acapulcopress.com\/index.php\/wp-json\/wp\/v2\/comments?post=1227950"}],"version-history":[{"count":0,"href":"https:\/\/www.acapulcopress.com\/index.php\/wp-json\/wp\/v2\/posts\/1227950\/revisions"}],"wp:featuredmedia":[{"embeddable":true,"href":"https:\/\/www.acapulcopress.com\/index.php\/wp-json\/"}],"wp:attachment":[{"href":"https:\/\/www.acapulcopress.com\/index.php\/wp-json\/wp\/v2\/media?parent=1227950"}],"wp:term":[{"taxonomy":"category","embeddable":true,"href":"https:\/\/www.acapulcopress.com\/index.php\/wp-json\/wp\/v2\/categories?post=1227950"},{"taxonomy":"post_tag","embeddable":true,"href":"https:\/\/www.acapulcopress.com\/index.php\/wp-json\/wp\/v2\/tags?post=1227950"}],"curies":[{"name":"wp","href":"https:\/\/api.w.org\/{rel}","templated":true}]}}