{"id":1227972,"date":"2021-05-20T00:56:33","date_gmt":"2021-05-20T05:56:33","guid":{"rendered":"https:\/\/www.acapulco.press\/?p=1227972"},"modified":"2021-05-20T00:56:33","modified_gmt":"2021-05-20T05:56:33","slug":"7-de-junio-cdmx-regresa-a-clases","status":"publish","type":"post","link":"https:\/\/www.acapulcopress.com\/index.php\/2021\/05\/20\/7-de-junio-cdmx-regresa-a-clases\/","title":{"rendered":"7 de junio CdMx regresa a clases"},"content":{"rendered":"<p style=\"text-align: justify;\">] CIUDAD DE M\u00c9XICO. * 20 de mayo de 2021.<br \/>\n<em>) <a href=\"https:\/\/www.forbes.com.mx\/es-oficial-cdmx-regresara-a-clases-presenciales-el-7-de-junio-asistencia-sera-escalonada\/\" target=\"_blank\" rel=\"noopener\">Forbes<\/a>.<\/em><\/p>\n<p style=\"text-align: justify;\">Las clases presenciales en la Ciudad de M\u00e9xico se reactivar\u00e1n a partir del 7 de junio \u201cen las comunidades educativas que as\u00ed lo decidan\u201d. As\u00ed lo inform\u00f3 este mi\u00e9rcoles el titular de la Autoridad Educativa Federal en la CDMX, Luis Humberto Fern\u00e1ndez Fuentes, durante la conferencia de prensa de la jefa de gobierno, Claudia Sheinbaum.<\/p>\n<p style=\"text-align: justify;\">Se determin\u00f3 que sea el 7 de junio para garantizar que hayan pasado 15 d\u00edas de la vacunaci\u00f3n del personal educativo de la Ciudad de M\u00e9xico, que concluye el pr\u00f3ximo domingo. Asimismo, Sheinbaum dijo que \u201ces muy probable\u201d que para entonces la capital pase a sem\u00e1foro verde. El regreso, dijo, es de manera voluntaria, a nadie se le va a obligar.<\/p>\n<p style=\"text-align: justify;\">El funcionario de la Secretar\u00eda de Educaci\u00f3n P\u00fablica (SEP) precis\u00f3 que \u201cel objetivo es que antes de concluir el ciclo escolar reactivemos las escuelas de forma presencial con todas las medidas sanitarias (\u2026) El regreso ser\u00e1 ordenado, escalonado, seguro y con di\u00e1logo\u201d.<\/p>\n<p style=\"text-align: justify;\">En ese sentido explic\u00f3 que la asistencia ser\u00e1 escalonada: se dividir\u00e1 a la matr\u00edcula escolar en dos grupos. El primero asistir\u00e1 lunes y mi\u00e9rcoles, el otro martes y jueves \u201cy el viernes asistir\u00e1n los que requieran el mayor refuerzo de sus conocimientos\u201d.<\/p>\n<p style=\"text-align: justify;\">En cuando a las medidas sanitarias, dijo que se aplicar\u00e1n tres filtros para evitar que ingresen a los planteles escolares alumnos o personal educativo que padece s\u00edntomas. El primero debe ser en casa, el segundo al ingresar al plantel y el tercero al ingresar al sal\u00f3n.<\/p>\n<p style=\"text-align: justify;\">El uso de cubrebocas ser\u00e1 obligatorio en todo momento. La secretaria de Educaci\u00f3n, Ciencia y Tecnolog\u00eda de la Ciudad de M\u00e9xico, Rosaura Ruiz Guti\u00e9rrez, recomend\u00f3 que los cubrebocas deben ser de por lo menos tres capas, para garantizar la protecci\u00f3n.<\/p>\n","protected":false},"excerpt":{"rendered":"<p>] CIUDAD DE M\u00c9XICO. * 20 de mayo de 2021. ) Forbes. Las clases presenciales en la Ciudad de M\u00e9xico se reactivar\u00e1n a partir del 7 de junio \u201cen las comunidades educativas que as\u00ed lo decidan\u201d. As\u00ed lo inform\u00f3 este mi\u00e9rcoles el titular de la Autoridad Educativa Federal en la CDMX, Luis Humberto Fern\u00e1ndez Fuentes,&#8230;<\/p>\n","protected":false},"author":2,"featured_media":1227973,"comment_status":"closed","ping_status":"closed","sticky":false,"template":"","format":"standard","meta":{"footnotes":""},"categories":[1997],"tags":[12194,16171],"class_list":["post-1227972","post","type-post","status-publish","format-standard","has-post-thumbnail","hentry","category-noticias-destacadas","tag-luis-humberto-fernandez-fuentes","tag-secretaria-de-educacion-publica-sep"],"_links":{"self":[{"href":"https:\/\/www.acapulcopress.com\/index.php\/wp-json\/wp\/v2\/posts\/1227972","targetHints":{"allow":["GET"]}}],"collection":[{"href":"https:\/\/www.acapulcopress.com\/index.php\/wp-json\/wp\/v2\/posts"}],"about":[{"href":"https:\/\/www.acapulcopress.com\/index.php\/wp-json\/wp\/v2\/types\/post"}],"author":[{"embeddable":true,"href":"https:\/\/www.acapulcopress.com\/index.php\/wp-json\/wp\/v2\/users\/2"}],"replies":[{"embeddable":true,"href":"https:\/\/www.acapulcopress.com\/index.php\/wp-json\/wp\/v2\/comments?post=1227972"}],"version-history":[{"count":0,"href":"https:\/\/www.acapulcopress.com\/index.php\/wp-json\/wp\/v2\/posts\/1227972\/revisions"}],"wp:featuredmedia":[{"embeddable":true,"href":"https:\/\/www.acapulcopress.com\/index.php\/wp-json\/"}],"wp:attachment":[{"href":"https:\/\/www.acapulcopress.com\/index.php\/wp-json\/wp\/v2\/media?parent=1227972"}],"wp:term":[{"taxonomy":"category","embeddable":true,"href":"https:\/\/www.acapulcopress.com\/index.php\/wp-json\/wp\/v2\/categories?post=1227972"},{"taxonomy":"post_tag","embeddable":true,"href":"https:\/\/www.acapulcopress.com\/index.php\/wp-json\/wp\/v2\/tags?post=1227972"}],"curies":[{"name":"wp","href":"https:\/\/api.w.org\/{rel}","templated":true}]}}