{"id":1227978,"date":"2021-05-20T17:28:16","date_gmt":"2021-05-20T22:28:16","guid":{"rendered":"https:\/\/www.acapulco.press\/?p=1227978"},"modified":"2021-05-20T17:28:16","modified_gmt":"2021-05-20T22:28:16","slug":"no-soy-tapadera-de-nadie-asegura-amlo","status":"publish","type":"post","link":"https:\/\/www.acapulcopress.com\/index.php\/2021\/05\/20\/no-soy-tapadera-de-nadie-asegura-amlo\/","title":{"rendered":"\u00abNo soy tapadera de nadie\u00bb, asegura AMLO"},"content":{"rendered":"<p style=\"text-align: justify;\"><img loading=\"lazy\" decoding=\"async\" class=\"alignnone wp-image-1227980 size-large\" src=\"https:\/\/www.acapulco.press\/wp-content\/uploads\/2021\/05\/AMLO-TAPADERA-840x561.jpg\" alt=\"\" width=\"840\" height=\"561\" \/><\/p>\n<p>] PALACIO NACIONAL. * 20 de mayo de 2021.<br \/>\n<em>) <a href=\"https:\/\/tribunadeloscabos.com.mx\/no-soy-tapadera-de-nadie-amlo-59534\" target=\"_blank\" rel=\"noopener\">Tribuna<\/a> \/SUN.<\/em><\/p>\n<p style=\"text-align: justify;\">Al asegurar que \u00abno queremos ser el hazmerre\u00edr de nadie\u00bb y porque \u00abno soy tapadera\u00bb, el presidente Andr\u00e9s Manuel L\u00f3pez Obrador difundi\u00f3 el oficio que envi\u00f3 el Departamento de Justicia de Estados Unidos en la que solicita a la Unidad de Inteligencia Financiera (UIF) informaci\u00f3n sobre el gobernador de Tamaulipas, Francisco Javier Garc\u00eda Cabeza de Vaca, en una investigaci\u00f3n preliminar que realiza el FBI sobre \u00ablavado\u00bb de dinero.<\/p>\n<p style=\"text-align: justify;\">En conferencia de prensa, el titular del Ejecutivo federal manifest\u00f3 que daba a conocer el documento independientemente si era jur\u00eddicamente correcto.<\/p>\n<p style=\"text-align: justify;\">\u00abNo queremos ser el hazmerre\u00edr de nadie, y no hay impunidad, les comentaba yo que antes mandaban informaci\u00f3n as\u00ed, y no se contestaba o si se contestaba se dec\u00eda que no hab\u00eda delito que perseguir, se blanqueaba a quienes se les investigaba desde el extranjero\u00bb, dijo el presidente.<\/p>\n<p style=\"text-align: justify;\">\u00abTambi\u00e9n yo no puedo, como el titular del Poder Ejecutivo, no puedo encubrir a nadie, no soy tapadera. Si al gobierno que represento llega un oficio, para que se entienda bien, con todas las implicaciones que pueda tener, porque por encima de todo esto la verdad, la justicia y yo represento al Estado mexicano por encima de todo, entonces independientemente de que si es correcto no es correcto, decirlo pol\u00edticamente correcto, lo jur\u00eddicamente correcto, les voy a dar a conocer ahora mismo el oficio que envi\u00f3 la embajada de Estados Unidos solicitando informaci\u00f3n del se\u00f1or Cabeza de Vaca por una investigaci\u00f3n que ellos tienen de un presunto &#8216;lavado&#8217; de dinero\u00bb, se\u00f1al\u00f3.<\/p>\n<figure id=\"attachment_1227986\" aria-describedby=\"caption-attachment-1227986\" style=\"width: 375px\" class=\"wp-caption alignleft\"><img loading=\"lazy\" decoding=\"async\" class=\"wp-image-1227986 size-medium\" src=\"https:\/\/www.acapulco.press\/wp-content\/uploads\/2021\/05\/NO-SOY-TAPADERA-375x380.jpg\" alt=\"\" width=\"375\" height=\"380\" \/><figcaption id=\"caption-attachment-1227986\" class=\"wp-caption-text\"><strong>Tapadera de nadie&#8230;<\/strong><\/figcaption><\/figure>\n<p style=\"text-align: justify;\">\u00abEntonces ya no, entonces la investigaci\u00f3n est\u00e1 abierta y es para que no se est\u00e9 pensando de qu\u00e9 es un asunto, ni modo que yo tenga que ver con este se\u00f1or, el jur\u00eddico de Estados Unidos, no lo conozco y con el FBI ni con la DEA ni con la CIA\u00bb.<\/p>\n<p style=\"text-align: justify;\">En conferencia de prensa, el presidente L\u00f3pez Obrador instruy\u00f3 a su vocero Jes\u00fas Ram\u00edrez a que leyera el oficio enviado por el gobierno de la Uni\u00f3n Americana.<\/p>\n<p style=\"text-align: justify;\">\u00abEstimado doctor Santiago Nieto Castillo, por medio de la presente, me es grato saludarle e informarle que la Oficina del Agregado Jur\u00eddico del FBI est\u00e1 llevando a cabo una investigaci\u00f3n preliminar en relaci\u00f3n a unos individuos y entidades corporativas, los cuales se creen que est\u00e1n involucrados en el lavado internacional de activos. Se han identificado operaciones financieras y\/o viajes internacionales en los Estados Unidos, M\u00e9xico y otros pa\u00edses\u00bb.<\/p>\n<p style=\"text-align: justify;\">Jes\u00fas Ram\u00edrez se\u00f1al\u00f3 que en la carta se dan los nombres de los sospechosos de las acusaciones, pero el presidente L\u00f3pez Obrador le pidi\u00f3 que solo leyera el nombre del gobernador de Tamaulipas.<\/p>\n<p style=\"text-align: justify;\">\u00abEst\u00e1 el nombre de Francisco Javier Garc\u00eda Cabeza de Vaca, mandatario de Tamaulipas, y est\u00e1 la lista y dice que para cualquier duda o aclaraci\u00f3n en relaci\u00f3n a esta investigaci\u00f3n no dude en comunicarse con el agregado jur\u00eddico adjunto, Sin otro particular agradezco la atenci\u00f3n. Firma Joseph Gonz\u00e1lez, agregado jur\u00eddico de la Oficina Federal de Investigaci\u00f3n (FBI)\u00bb.<\/p>\n","protected":false},"excerpt":{"rendered":"<p>] PALACIO NACIONAL. * 20 de mayo de 2021. ) Tribuna \/SUN. Al asegurar que \u00abno queremos ser el hazmerre\u00edr de nadie\u00bb y porque \u00abno soy tapadera\u00bb, el presidente Andr\u00e9s Manuel L\u00f3pez Obrador difundi\u00f3 el oficio que envi\u00f3 el Departamento de Justicia de Estados Unidos en la que solicita a la Unidad de Inteligencia Financiera&#8230;<\/p>\n","protected":false},"author":2,"featured_media":1227979,"comment_status":"closed","ping_status":"closed","sticky":false,"template":"","format":"standard","meta":{"footnotes":""},"categories":[1972,18574,1997],"tags":[3896,7016,7085,8392,8879,9318,17540],"class_list":["post-1227978","post","type-post","status-publish","format-standard","has-post-thumbnail","hentry","category-special","category-gobierno-la-foto","category-noticias-destacadas","tag-andres-manuel-lopez-obrador","tag-dea","tag-departamento-de-justicia-de-estados-unidos","tag-fbi","tag-francisco-javier-garcia-cabeza-de-vaca","tag-gobierno-de-tamaulipas","tag-unidad-de-inteligencia-financiera-uif"],"_links":{"self":[{"href":"https:\/\/www.acapulcopress.com\/index.php\/wp-json\/wp\/v2\/posts\/1227978","targetHints":{"allow":["GET"]}}],"collection":[{"href":"https:\/\/www.acapulcopress.com\/index.php\/wp-json\/wp\/v2\/posts"}],"about":[{"href":"https:\/\/www.acapulcopress.com\/index.php\/wp-json\/wp\/v2\/types\/post"}],"author":[{"embeddable":true,"href":"https:\/\/www.acapulcopress.com\/index.php\/wp-json\/wp\/v2\/users\/2"}],"replies":[{"embeddable":true,"href":"https:\/\/www.acapulcopress.com\/index.php\/wp-json\/wp\/v2\/comments?post=1227978"}],"version-history":[{"count":0,"href":"https:\/\/www.acapulcopress.com\/index.php\/wp-json\/wp\/v2\/posts\/1227978\/revisions"}],"wp:featuredmedia":[{"embeddable":true,"href":"https:\/\/www.acapulcopress.com\/index.php\/wp-json\/"}],"wp:attachment":[{"href":"https:\/\/www.acapulcopress.com\/index.php\/wp-json\/wp\/v2\/media?parent=1227978"}],"wp:term":[{"taxonomy":"category","embeddable":true,"href":"https:\/\/www.acapulcopress.com\/index.php\/wp-json\/wp\/v2\/categories?post=1227978"},{"taxonomy":"post_tag","embeddable":true,"href":"https:\/\/www.acapulcopress.com\/index.php\/wp-json\/wp\/v2\/tags?post=1227978"}],"curies":[{"name":"wp","href":"https:\/\/api.w.org\/{rel}","templated":true}]}}