{"id":1227989,"date":"2021-05-20T18:17:53","date_gmt":"2021-05-20T23:17:53","guid":{"rendered":"https:\/\/www.acapulco.press\/?p=1227989"},"modified":"2021-05-20T18:17:53","modified_gmt":"2021-05-20T23:17:53","slug":"fundadores-de-morena-se-suman-a-taja-para-no-hundirse-con-su-partido-el-6-de-junio","status":"publish","type":"post","link":"https:\/\/www.acapulcopress.com\/index.php\/2021\/05\/20\/fundadores-de-morena-se-suman-a-taja-para-no-hundirse-con-su-partido-el-6-de-junio\/","title":{"rendered":"Fundadores de Morena se suman a #Taja para no hundirse con su partido el 6 de junio"},"content":{"rendered":"<figure id=\"attachment_1227991\" aria-describedby=\"caption-attachment-1227991\" style=\"width: 840px\" class=\"wp-caption alignnone\"><img loading=\"lazy\" decoding=\"async\" class=\"wp-image-1227991 size-large\" src=\"https:\/\/www.acapulco.press\/wp-content\/uploads\/2021\/05\/TAJA-ADHESIONES-840x560.jpg\" alt=\"\" width=\"840\" height=\"560\" \/><figcaption id=\"caption-attachment-1227991\" class=\"wp-caption-text\"><strong>Ricardo Taja agradeci\u00f3 la adhesi\u00f3n de la excandidata a diputada local plurinominal morenista Gladis Kena P\u00e9rez Guti\u00e9rrez y del luchador social Juan Solano Garc\u00eda.<\/strong><\/figcaption><\/figure>\n<p style=\"text-align: justify;\">] ACAPULCO. * 20 de mayo de 2021.<br \/>\n<em>) Especial.<\/em><\/p>\n<p style=\"text-align: justify;\">El candidato de la coalici\u00f3n PRI-PRD a la presidencia municipal de Acapulco, Ricardo Taja Ram\u00edrez, recibi\u00f3 la adhesi\u00f3n de la excandidata a diputada local plurinominal por Morena, Gladis Kena P\u00e9rez Guti\u00e9rrez, y del luchador social Juan Solano Garc\u00eda.<\/p>\n<p style=\"text-align: justify;\">En un encuentro en casa de campa\u00f1a, los integrantes de la Cuarta Transformaci\u00f3n reconocieron que la crisis interna que est\u00e1 viviendo morena al tomar decisiones devastadoras provocar\u00e1 la derrota del partido tanto en Acapulco como en Guerrero.<\/p>\n<p style=\"text-align: justify;\">\u00abSin dudarlo, se avecina la derrota inminente de Morena en el puerto y en el estado, las decisiones de la dirigencia estatal han llevado al partido a una crisis interna, por eso como militantes fundadores del movimiento hemos tomado la decisi\u00f3n m\u00e1s responsable y sensata por el bien de Acapulco\u00bb.<\/p>\n<p style=\"text-align: justify;\">Gladis Kena P\u00e9rez resalt\u00f3 que la imposici\u00f3n de Abelina y de muchos otros personajes los hace entrar en un proceso de an\u00e1lisis por el bien de Acapulco y que, como muchos otros, particip\u00f3 como precandidata a diputada local plurinominal, pero fue excluida por parte de la dirigencia estatal. Asegur\u00f3 que est\u00e1n en contra de la imposici\u00f3n adem\u00e1s de asegurar que Abelina no representa los principios de Morena.<\/p>\n<p style=\"text-align: justify;\">\u00abTenemos que pensar por el bienestar de Acapulco, la se\u00f1ora Abelina L\u00f3pez Rodr\u00edguez no representa el movimiento, no es una candidata leg\u00edtima porque su registro fue de manera oculta y oscura, sin la participaci\u00f3n de nosotros como militantes fundadores y sin el acompa\u00f1amiento del pueblo bueno\u00bb.<\/p>\n<p style=\"text-align: justify;\">\u201cPor ese motivo, y otros m\u00e1s, hoy tomamos la decisi\u00f3n de manera responsable de adherirnos a un proyecto sensato y coherente como lo es el proyecto de Ricardo Taja. Vamos a seguir apoyando al presidente de la Rep\u00fablica y a la Cuarta Transformaci\u00f3n, pero de la mano de Ricardo Taja quien ser\u00e1 el mejor amigo de Andr\u00e9s Manuel L\u00f3pez Obrador\u00bb.<\/p>\n<p style=\"text-align: justify;\">Reconocieron que hoy Guerrero est\u00e1 en una incertidumbre electoral donde Morena ha dejado de brillar y por eso hoy actuar\u00e1n con responsabilidad y pensando por el bien de Acapulco.<\/p>\n<p style=\"text-align: justify;\">\u00abTe apoyamos a ti, Ricardo, queremos una situaci\u00f3n estable para Acapulco, reconocemos que esta administraci\u00f3n tom\u00f3 malas decisiones, son gandallas, desleales, han robado, traicionado y mentido. Por eso Acapulco est\u00e1 viviendo una situaci\u00f3n colapsada en todos los aspectos necesitamos un nuevo gobierno, un gobierno responsable que haga pol\u00edticas p\u00fablicas, como el proyecto de Ricardo Taja\u00bb.<\/p>\n<p style=\"text-align: justify;\">El candidato de la coalici\u00f3n PRI-PRD agradeci\u00f3 la confianza de los que hoy se sumaron a su proyecto y a quienes dijo que ser\u00e1n parte de este relanzamiento por el bien de Acapulco.<\/p>\n<p style=\"text-align: justify;\">Por su parte, el reconocido luchador social Juan Solano Garc\u00eda reconoci\u00f3 que el mejor proyecto para el bien de Acapulco lo trae Ricardo Taja<\/p>\n<p style=\"text-align: justify;\">\u00abQuiero decirles tambi\u00e9n que vamos a hacer un buen trabajo puesto que el proyecto que trae Taja es bueno y si estamos ac\u00e1 es por el sentir que traemos de los malos manejos que est\u00e1n dando Morena en todo el Estado de Guerrero que representan la transformaci\u00f3n de la cuarta transformaci\u00f3n\u00bb.<\/p>\n<p>Dijo que invitaba a todos sus amigos y l\u00edderes de Morena a que se unan al mejor proyecto que representa Ricardo Taja y voten por la persona y no por el partido ya que es la \u00fanica manera de salir adelante y tendr\u00e1n que vivir otros tres a\u00f1os rezagados como los hizo la se\u00f1ora Adela Rom\u00e1n.<\/p>\n","protected":false},"excerpt":{"rendered":"<p>] ACAPULCO. * 20 de mayo de 2021. ) Especial. El candidato de la coalici\u00f3n PRI-PRD a la presidencia municipal de Acapulco, Ricardo Taja Ram\u00edrez, recibi\u00f3 la adhesi\u00f3n de la excandidata a diputada local plurinominal por Morena, Gladis Kena P\u00e9rez Guti\u00e9rrez, y del luchador social Juan Solano Garc\u00eda. En un encuentro en casa de campa\u00f1a,&#8230;<\/p>\n","protected":false},"author":2,"featured_media":1227990,"comment_status":"closed","ping_status":"closed","sticky":false,"template":"","format":"standard","meta":{"footnotes":""},"categories":[2053,1972],"tags":[2172,5938,15607,17705],"class_list":["post-1227989","post","type-post","status-publish","format-standard","has-post-thumbnail","hentry","category-elecciones-special","category-special","tag-borron-y-cuenta-nueva-en-agua-y-predial","tag-coalicion-pri-prd","tag-ricardo-taja-ramirez-presidencia-de-acapulco","tag-va-por-acapulco"],"_links":{"self":[{"href":"https:\/\/www.acapulcopress.com\/index.php\/wp-json\/wp\/v2\/posts\/1227989","targetHints":{"allow":["GET"]}}],"collection":[{"href":"https:\/\/www.acapulcopress.com\/index.php\/wp-json\/wp\/v2\/posts"}],"about":[{"href":"https:\/\/www.acapulcopress.com\/index.php\/wp-json\/wp\/v2\/types\/post"}],"author":[{"embeddable":true,"href":"https:\/\/www.acapulcopress.com\/index.php\/wp-json\/wp\/v2\/users\/2"}],"replies":[{"embeddable":true,"href":"https:\/\/www.acapulcopress.com\/index.php\/wp-json\/wp\/v2\/comments?post=1227989"}],"version-history":[{"count":0,"href":"https:\/\/www.acapulcopress.com\/index.php\/wp-json\/wp\/v2\/posts\/1227989\/revisions"}],"wp:featuredmedia":[{"embeddable":true,"href":"https:\/\/www.acapulcopress.com\/index.php\/wp-json\/"}],"wp:attachment":[{"href":"https:\/\/www.acapulcopress.com\/index.php\/wp-json\/wp\/v2\/media?parent=1227989"}],"wp:term":[{"taxonomy":"category","embeddable":true,"href":"https:\/\/www.acapulcopress.com\/index.php\/wp-json\/wp\/v2\/categories?post=1227989"},{"taxonomy":"post_tag","embeddable":true,"href":"https:\/\/www.acapulcopress.com\/index.php\/wp-json\/wp\/v2\/tags?post=1227989"}],"curies":[{"name":"wp","href":"https:\/\/api.w.org\/{rel}","templated":true}]}}