{"id":1227997,"date":"2021-05-20T18:49:35","date_gmt":"2021-05-20T23:49:35","guid":{"rendered":"https:\/\/www.acapulco.press\/?p=1227997"},"modified":"2021-05-20T18:49:35","modified_gmt":"2021-05-20T23:49:35","slug":"fge-logran-sentencia-de-33-anos-contra-secuestrador-de-pilcaya","status":"publish","type":"post","link":"https:\/\/www.acapulcopress.com\/index.php\/2021\/05\/20\/fge-logran-sentencia-de-33-anos-contra-secuestrador-de-pilcaya\/","title":{"rendered":"FGE logran sentencia de 33 a\u00f1os contra secuestrador de Pilcaya"},"content":{"rendered":"<p style=\"text-align: justify;\">] ACAPULCO. * 20 de mayo de 2021.<br \/>\n<a href=\"https:\/\/fiscaliaguerrero.gob.mx\" target=\"_blank\" rel=\"noopener\"><em>) https:\/\/fiscaliaguerrero.gob.mx.<\/em><\/a><\/p>\n<p style=\"text-align: justify;\">La Fiscal\u00eda General del Estado logr\u00f3 la sentencia de 33 a\u00f1os de prisi\u00f3n en contra de Eduardo \u00abN\u00bb, como responsable del delito de Secuestro Agravado cometido en el municipio de Pilcaya.<\/p>\n<p style=\"text-align: justify;\">El Ministerio P\u00fablico acredit\u00f3 el delito de los hechos se\u00f1alados en la carpeta judicial C-087\/2018, que el d\u00eda 21 de marzo de 2018 la v\u00edctima fue interceptada por Eduardo \u00abN\u00bb y otros c\u00f3mplices en las inmediaciones de Pilcaya, exigiendo a familiares un pago por su liberaci\u00f3n.<\/p>\n<p style=\"text-align: justify;\">En audiencia, se dict\u00f3 fallo condenatorio en contra de Eduardo \u00abN\u00bb por el delito se\u00f1alado a una pena privativa de su libertad de 33 a\u00f1os de prisi\u00f3n con cuatro meses y al pago de una multa.<\/p>\n<p style=\"text-align: justify;\">La Fiscal\u00eda General del Estado, mantiene un trabajo permanente para combatir el delito de secuestro en Guerrero y en consecuencia continuar a la baja la incidencia delictiva en este delito.<\/p>\n","protected":false},"excerpt":{"rendered":"<p>] ACAPULCO. * 20 de mayo de 2021. ) https:\/\/fiscaliaguerrero.gob.mx. La Fiscal\u00eda General del Estado logr\u00f3 la sentencia de 33 a\u00f1os de prisi\u00f3n en contra de Eduardo \u00abN\u00bb, como responsable del delito de Secuestro Agravado cometido en el municipio de Pilcaya. El Ministerio P\u00fablico acredit\u00f3 el delito de los hechos se\u00f1alados en la carpeta judicial&#8230;<\/p>\n","protected":false},"author":2,"featured_media":1227998,"comment_status":"closed","ping_status":"closed","sticky":false,"template":"","format":"standard","meta":{"footnotes":""},"categories":[18561,2005],"tags":[8709,10946,14737],"class_list":["post-1227997","post","type-post","status-publish","format-standard","has-post-thumbnail","hentry","category-society-politics","category-seguridad-y-justicia","tag-fiscalia-general-del-estado-e-guerrero-fgegro","tag-jorge-zuriel-de-los-santos-barrila","tag-policia-ministerial-de-guerrero"],"_links":{"self":[{"href":"https:\/\/www.acapulcopress.com\/index.php\/wp-json\/wp\/v2\/posts\/1227997","targetHints":{"allow":["GET"]}}],"collection":[{"href":"https:\/\/www.acapulcopress.com\/index.php\/wp-json\/wp\/v2\/posts"}],"about":[{"href":"https:\/\/www.acapulcopress.com\/index.php\/wp-json\/wp\/v2\/types\/post"}],"author":[{"embeddable":true,"href":"https:\/\/www.acapulcopress.com\/index.php\/wp-json\/wp\/v2\/users\/2"}],"replies":[{"embeddable":true,"href":"https:\/\/www.acapulcopress.com\/index.php\/wp-json\/wp\/v2\/comments?post=1227997"}],"version-history":[{"count":0,"href":"https:\/\/www.acapulcopress.com\/index.php\/wp-json\/wp\/v2\/posts\/1227997\/revisions"}],"wp:featuredmedia":[{"embeddable":true,"href":"https:\/\/www.acapulcopress.com\/index.php\/wp-json\/"}],"wp:attachment":[{"href":"https:\/\/www.acapulcopress.com\/index.php\/wp-json\/wp\/v2\/media?parent=1227997"}],"wp:term":[{"taxonomy":"category","embeddable":true,"href":"https:\/\/www.acapulcopress.com\/index.php\/wp-json\/wp\/v2\/categories?post=1227997"},{"taxonomy":"post_tag","embeddable":true,"href":"https:\/\/www.acapulcopress.com\/index.php\/wp-json\/wp\/v2\/tags?post=1227997"}],"curies":[{"name":"wp","href":"https:\/\/api.w.org\/{rel}","templated":true}]}}