{"id":1228004,"date":"2021-05-20T19:09:00","date_gmt":"2021-05-21T00:09:00","guid":{"rendered":"https:\/\/www.acapulco.press\/?p=1228004"},"modified":"2021-05-20T19:09:00","modified_gmt":"2021-05-21T00:09:00","slug":"coordinador-distrital-del-pvem-y-representante-del-pan-en-zitlala-se-suman-a-mario-moreno","status":"publish","type":"post","link":"https:\/\/www.acapulcopress.com\/index.php\/2021\/05\/20\/coordinador-distrital-del-pvem-y-representante-del-pan-en-zitlala-se-suman-a-mario-moreno\/","title":{"rendered":"Coordinador Distrital del PVEM y representante del PAN en Zitlala se suman a Mario Moreno"},"content":{"rendered":"<p style=\"text-align: justify;\">] ZITLALA, Gro. * 20 de mayo de 2021.<br \/>\n<em>) Especial.<\/em><\/p>\n<p style=\"text-align: justify;\">El candidato a gobernador de la alianza PRI-PRD, Mario Moreno Arcos, firm\u00f3 el compromiso de rehabilitar la carretera Chilapa-Zitlala, adem\u00e1s de regresar los programas que cancel\u00f3 el gobierno federal.<\/p>\n<p style=\"text-align: justify;\">Durante una gira de trabajo por este municipio conocido como el lugar de estrellas, Moreno Arcos recibi\u00f3 la adhesi\u00f3n del coordinador distrital en Zitlala del Partido Verde Ecologista de M\u00e9xico, Reyes Nava Alejo y Magdaleno <img loading=\"lazy\" decoding=\"async\" class=\"alignleft size-medium wp-image-1228006\" src=\"https:\/\/www.acapulco.press\/wp-content\/uploads\/2021\/05\/Reyes-Nava-Alejo-375x250.jpg\" alt=\"\" width=\"375\" height=\"250\" \/>Damaso Sol\u00eds, representante del PAN.<\/p>\n<p style=\"text-align: justify;\">El candidato de<em> As\u00ed Gana Guerrero,<\/em> se comprometi\u00f3 tambi\u00e9n a que haya fertilizante para todos, tecnificar el campo y reactivar la econom\u00eda en la zona con la inyecci\u00f3n de recursos a trav\u00e9s de cr\u00e9ditos a la palabra, para que mujeres emprendedoras impulsen sus peque\u00f1os negocios.<\/p>\n<p style=\"text-align: justify;\">Al t\u00e9rmino del acto proselitista, do\u00f1a Francisca se le acerc\u00f3 al candidato y le expuso que el gobierno morenista de Andr\u00e9s Manuel L\u00f3pez Obrador les hab\u00eda quitado todo y le ped\u00eda que le regresara el fertilizante a su marido.<\/p>\n<p style=\"text-align: justify;\">\u00abFrancisca, lo que Morena te quit\u00f3, Moreno te lo va a regresar\u00bb, le dijo Moreno Arcos.<\/p>\n<p style=\"text-align: justify;\">Respecto al debate de ayer, Mario Moreno expuso que cada vez m\u00e1s est\u00e1 convencido que lograr\u00e1 el triunfo con la ayuda del pueblo de Guerrero.<\/p>\n<p style=\"text-align: justify;\">\u00abEllos prometen, yo cumplo\u00bb, expuso ante medios de comunicaci\u00f3n y a su vez mencionaba que ha recorrido todo el estado y que conoce de todas las necesidades de Guerrero.<\/p>\n<p style=\"text-align: justify;\">En este evento fue acompa\u00f1ado del candidato a presidente municipal, Rogelio Ramos, quien le pidi\u00f3 atenci\u00f3n especial al proyecto carretero Zitlala-Pochahuizco y al de Zitlala Tlacolotitl\u00e1n, esto para conectar a Zitlala con el estado de Morelos.<\/p>\n","protected":false},"excerpt":{"rendered":"<p>] ZITLALA, Gro. * 20 de mayo de 2021. ) Especial. El candidato a gobernador de la alianza PRI-PRD, Mario Moreno Arcos, firm\u00f3 el compromiso de rehabilitar la carretera Chilapa-Zitlala, adem\u00e1s de regresar los programas que cancel\u00f3 el gobierno federal. Durante una gira de trabajo por este municipio conocido como el lugar de estrellas, Moreno&#8230;<\/p>\n","protected":false},"author":2,"featured_media":1228005,"comment_status":"closed","ping_status":"closed","sticky":false,"template":"","format":"standard","meta":{"footnotes":""},"categories":[2052,18561],"tags":[3684,4246,5928,9302,12685,14270,14311,15511],"class_list":["post-1228004","post","type-post","status-publish","format-standard","has-post-thumbnail","hentry","category-elecciones","category-society-politics","tag-alianza-pri-prd-guerrero-2021","tag-asi-gana-guerrero","tag-coalicion-va-por-guerrero","tag-gobierno-de-guerrero","tag-mario-moreno-arcos","tag-partido-accion-nacional-panl","tag-partido-verde-ecologista-de-mexico-pvem","tag-respeto-por-guerrero"],"_links":{"self":[{"href":"https:\/\/www.acapulcopress.com\/index.php\/wp-json\/wp\/v2\/posts\/1228004","targetHints":{"allow":["GET"]}}],"collection":[{"href":"https:\/\/www.acapulcopress.com\/index.php\/wp-json\/wp\/v2\/posts"}],"about":[{"href":"https:\/\/www.acapulcopress.com\/index.php\/wp-json\/wp\/v2\/types\/post"}],"author":[{"embeddable":true,"href":"https:\/\/www.acapulcopress.com\/index.php\/wp-json\/wp\/v2\/users\/2"}],"replies":[{"embeddable":true,"href":"https:\/\/www.acapulcopress.com\/index.php\/wp-json\/wp\/v2\/comments?post=1228004"}],"version-history":[{"count":0,"href":"https:\/\/www.acapulcopress.com\/index.php\/wp-json\/wp\/v2\/posts\/1228004\/revisions"}],"wp:featuredmedia":[{"embeddable":true,"href":"https:\/\/www.acapulcopress.com\/index.php\/wp-json\/"}],"wp:attachment":[{"href":"https:\/\/www.acapulcopress.com\/index.php\/wp-json\/wp\/v2\/media?parent=1228004"}],"wp:term":[{"taxonomy":"category","embeddable":true,"href":"https:\/\/www.acapulcopress.com\/index.php\/wp-json\/wp\/v2\/categories?post=1228004"},{"taxonomy":"post_tag","embeddable":true,"href":"https:\/\/www.acapulcopress.com\/index.php\/wp-json\/wp\/v2\/tags?post=1228004"}],"curies":[{"name":"wp","href":"https:\/\/api.w.org\/{rel}","templated":true}]}}