{"id":1228012,"date":"2021-05-20T20:06:48","date_gmt":"2021-05-21T01:06:48","guid":{"rendered":"https:\/\/www.acapulco.press\/?p=1228012"},"modified":"2021-05-20T20:06:48","modified_gmt":"2021-05-21T01:06:48","slug":"se-compromete-mario-moreno-a-reactivar-economia-y-recuperar-empleos-en-guerrero","status":"publish","type":"post","link":"https:\/\/www.acapulcopress.com\/index.php\/2021\/05\/20\/se-compromete-mario-moreno-a-reactivar-economia-y-recuperar-empleos-en-guerrero\/","title":{"rendered":"Se compromete Mario Moreno a reactivar econom\u00eda y recuperar empleos en Guerrero"},"content":{"rendered":"<p style=\"text-align: justify;\">] CHILPANCINGO, Gro. * 20 de mayo de 2021.<br \/>\n<em>) Especial.<\/em><\/p>\n<p style=\"text-align: justify;\">Al acudir como invitado al encuentro con la asociaci\u00f3n civil Profesionales Unidos al Servicio de M\u00e9xico ( Prusemac), el candidato a gobernador Mario Moreno Arcos reiter\u00f3 su compromiso para trabajar con los empresarios de <img loading=\"lazy\" decoding=\"async\" class=\"alignleft size-medium wp-image-1228013\" src=\"https:\/\/www.acapulco.press\/wp-content\/uploads\/2021\/05\/MARIO-EMPRESARIOS-375x250.jpeg\" alt=\"\" width=\"375\" height=\"250\" \/>Guerrero e impulsar el desarrollo econ\u00f3mico en los pr\u00f3ximos 6 a\u00f1os.<\/p>\n<p style=\"text-align: justify;\">\u00abEste estado necesita mantener la gobernabilidad y ese es el reto que Mario Moreno tiene\u00bb reiter\u00f3.<\/p>\n<p style=\"text-align: justify;\">Moreno Arcos agradeci\u00f3 que los empresarios de todas las regiones del estado, se sumen al proyecto que encabeza la alianza PRI-PRD, pues ser\u00e1 un amigo y un aliado de ellos: \u00abVamos a lograr que los pr\u00f3ximos 6 a\u00f1os le demos rumbo, le demos estabilidad y le demos seguridad a este estado\u00bb apunt\u00f3.<\/p>\n<p style=\"text-align: justify;\"><img loading=\"lazy\" decoding=\"async\" class=\"alignleft size-medium wp-image-1228018\" src=\"https:\/\/www.acapulco.press\/wp-content\/uploads\/2021\/05\/MARIO-EMPRESARIOS6-375x250.jpeg\" alt=\"\" width=\"375\" height=\"250\" \/>Tambi\u00e9n asumi\u00f3 el reto de recuperar la econom\u00eda, luego del duro golpe provocado por la pandemia. Moreno Arcos dijo que el reto es lograr atraer la inversi\u00f3n privada con el fin de crear m\u00e1s fuentes de empleos para las y los guerrerenses.<\/p>\n<p style=\"text-align: justify;\">En esta misma reuni\u00f3n se\u00f1al\u00f3 que toda la obra p\u00fablica que ejecute el gobierno del estado la van a construir empresas locales, adem\u00e1s de que prometi\u00f3 dar certeza jur\u00eddica a la inversi\u00f3n privada e impulsar el proyecto tur\u00edstico de la Riviera Acapulco-San Marcos para generar miles de empleos en la regi\u00f3n de la Costa Chica, entre otras acciones m\u00e1s.<\/p>\n<p style=\"text-align: justify;\"><img loading=\"lazy\" decoding=\"async\" class=\"alignleft size-medium wp-image-1228019\" src=\"https:\/\/www.acapulco.press\/wp-content\/uploads\/2021\/05\/MARIO-EMPRESARIOS7-375x250.jpeg\" alt=\"\" width=\"375\" height=\"250\" \/>A nombre de los empresarios y como presidente de Prusemac, Nicol\u00e1s A\u00f1orve P\u00e9rez, le expres\u00f3 el respaldo que dar\u00e1n a Mario Moreno para que sea el pr\u00f3ximo gobernador de Guerrero: \u00abcuente con toda nuestra ayuda, todo nuestro respaldo y todo nuestro cari\u00f1o\u00bb le dijo.<\/p>\n<p style=\"text-align: justify;\">Por su parte, Carlos N\u00e1jera Ram\u00edrez, originario de Tierra Colorada, les dijo a sus compa\u00f1eros empresarios que conoce a Mario Moreno: \u00abno es un aventurero, es una persona que se ha formado en la administraci\u00f3n, sabe ser gente y tiene el don de gente\u00bb.<\/p>\n<p style=\"text-align: justify;\">Les dijo a sus compa\u00f1eros de la asociaci\u00f3n: \u00abno estamos en el camino equivocado, estamos en el rumbo que debe llevar nuestro estado\u201d al tiempo de se\u00f1alar que en Guerrero, \u201cocurrencias a esta altura no es posible, Guerrero necesita una gente al tim\u00f3n, una gente al mando que siga construyendo el futuro y el presente de nuestros ciudadanos, un barco que lleva rumbo y lleva destino de progreso y eso es apoyar a Mario Moreno\u00bb asever\u00f3.<\/p>\n","protected":false},"excerpt":{"rendered":"<p>] CHILPANCINGO, Gro. * 20 de mayo de 2021. ) Especial. Al acudir como invitado al encuentro con la asociaci\u00f3n civil Profesionales Unidos al Servicio de M\u00e9xico ( Prusemac), el candidato a gobernador Mario Moreno Arcos reiter\u00f3 su compromiso para trabajar con los empresarios de Guerrero e impulsar el desarrollo econ\u00f3mico en los pr\u00f3ximos 6&#8230;<\/p>\n","protected":false},"author":2,"featured_media":1228014,"comment_status":"closed","ping_status":"closed","sticky":false,"template":"","format":"standard","meta":{"footnotes":""},"categories":[2052,18561],"tags":[3684,4246,5928,9302,12685,14989,15511],"class_list":["post-1228012","post","type-post","status-publish","format-standard","has-post-thumbnail","hentry","category-elecciones","category-society-politics","tag-alianza-pri-prd-guerrero-2021","tag-asi-gana-guerrero","tag-coalicion-va-por-guerrero","tag-gobierno-de-guerrero","tag-mario-moreno-arcos","tag-profesionales-unidos-al-servicio-de-mexico-prusemac","tag-respeto-por-guerrero"],"_links":{"self":[{"href":"https:\/\/www.acapulcopress.com\/index.php\/wp-json\/wp\/v2\/posts\/1228012","targetHints":{"allow":["GET"]}}],"collection":[{"href":"https:\/\/www.acapulcopress.com\/index.php\/wp-json\/wp\/v2\/posts"}],"about":[{"href":"https:\/\/www.acapulcopress.com\/index.php\/wp-json\/wp\/v2\/types\/post"}],"author":[{"embeddable":true,"href":"https:\/\/www.acapulcopress.com\/index.php\/wp-json\/wp\/v2\/users\/2"}],"replies":[{"embeddable":true,"href":"https:\/\/www.acapulcopress.com\/index.php\/wp-json\/wp\/v2\/comments?post=1228012"}],"version-history":[{"count":0,"href":"https:\/\/www.acapulcopress.com\/index.php\/wp-json\/wp\/v2\/posts\/1228012\/revisions"}],"wp:featuredmedia":[{"embeddable":true,"href":"https:\/\/www.acapulcopress.com\/index.php\/wp-json\/"}],"wp:attachment":[{"href":"https:\/\/www.acapulcopress.com\/index.php\/wp-json\/wp\/v2\/media?parent=1228012"}],"wp:term":[{"taxonomy":"category","embeddable":true,"href":"https:\/\/www.acapulcopress.com\/index.php\/wp-json\/wp\/v2\/categories?post=1228012"},{"taxonomy":"post_tag","embeddable":true,"href":"https:\/\/www.acapulcopress.com\/index.php\/wp-json\/wp\/v2\/tags?post=1228012"}],"curies":[{"name":"wp","href":"https:\/\/api.w.org\/{rel}","templated":true}]}}