{"id":1228024,"date":"2021-05-20T20:37:05","date_gmt":"2021-05-21T01:37:05","guid":{"rendered":"https:\/\/www.acapulco.press\/?p=1228024"},"modified":"2021-05-20T20:37:05","modified_gmt":"2021-05-21T01:37:05","slug":"habra-resguardo-especial-para-traslado-de-paqueteria-electoral-a-siete-regiones-del-estado","status":"publish","type":"post","link":"https:\/\/www.acapulcopress.com\/index.php\/2021\/05\/20\/habra-resguardo-especial-para-traslado-de-paqueteria-electoral-a-siete-regiones-del-estado\/","title":{"rendered":"Habr\u00e1 resguardo especial para traslado de paqueter\u00eda electoral a siete regiones del estado"},"content":{"rendered":"<p style=\"text-align: justify;\"><img loading=\"lazy\" decoding=\"async\" class=\"alignnone wp-image-1228026 size-large\" src=\"https:\/\/www.acapulco.press\/wp-content\/uploads\/2021\/05\/HAF-PAQUETERIA-ELECTORAL2-840x491.jpg\" alt=\"\" width=\"840\" height=\"491\" \/><\/p>\n<p>] CHILPANCINGO, Gro. * 20 de mayo de 2021.<br \/>\n<em>) Gobierno de Guerrero.<\/em><\/p>\n<p style=\"text-align: justify;\">El gobernador H\u00e9ctor Astudillo Flores, con autoridades de la Mesa de Coordinaci\u00f3n para la Construcci\u00f3n de la Paz, acordaron implementar operativo para el resguardo del traslado de la paqueter\u00eda electoral en las siete regiones del estado.<\/p>\n<p>En la sesi\u00f3n virtual, se acord\u00f3 fortalecer los operativos que permitan continuar reduciendo los \u00edndices delictivos en el estado.<\/p>\n<p>Asimismo, revisaron las incidencias delictivas registradas durante las \u00faltimas 24 horas en los 81 municipios del estado.<\/p>\n<p>El secretario de Protecci\u00f3n Civil, Marco C\u00e9sar Mayares Salvador, inform\u00f3 que en el estado se registran cuatro incendios forestales que ya est\u00e1n siendo atendidos, adem\u00e1s, se presenta el fen\u00f3meno de mar de fondo por lo que ya se les ha notificado a los alcaldes de municipios costeros tomar las debidas medidas preventivas.<\/p>\n<p>Estuvieron presentes el secretario General de Gobierno, Florencio Salazar Adame; el comandante de la Novena Regi\u00f3n Militar, Eufemio Ibarra Flores; el comandante de la Octava Regi\u00f3n Naval Militar, Julio C\u00e9sar Pescina \u00c1vila; el representante de la Guardia Nacional, Paul Riviello; el delegado de la FGR, Fernando Garc\u00eda Fern\u00e1ndez; el representante del Centro Nacional de Inteligencia, Juan Gabriel Sosa Pintos.<\/p>\n<p>As\u00ed como el fiscal General del Estado, Jorge Zuriel de los Santos Barrila; el presidente de Coparmex Chilpancingo, Joel Moreno Temelo; el jefe de la Oficina del Gobernador, Alejandro Bravo Abarca; el subsecretario de Seguridad P\u00fablica, Raymundo C\u00e1rdenas; el secretario T\u00e9cnico, Hermes Teodoro Gonz\u00e1lez; el secretario de Finanzas y Administraci\u00f3n, Tulio Samuel P\u00e9rez Calvo, entre otros funcionarios estatales y federales.<\/p>\n","protected":false},"excerpt":{"rendered":"<p>] CHILPANCINGO, Gro. * 20 de mayo de 2021. ) Gobierno de Guerrero. El gobernador H\u00e9ctor Astudillo Flores, con autoridades de la Mesa de Coordinaci\u00f3n para la Construcci\u00f3n de la Paz, acordaron implementar operativo para el resguardo del traslado de la paqueter\u00eda electoral en las siete regiones del estado. En la sesi\u00f3n virtual, se acord\u00f3&#8230;<\/p>\n","protected":false},"author":2,"featured_media":1228025,"comment_status":"closed","ping_status":"closed","sticky":false,"template":"","format":"standard","meta":{"footnotes":""},"categories":[18573,1983],"tags":[6705,9302,9697,16426],"class_list":["post-1228024","post","type-post","status-publish","format-standard","has-post-thumbnail","hentry","category-goverment","category-guerrerogob","tag-covid19","tag-gobierno-de-guerrero","tag-hectopr-astudillo-flores","tag-semaforo-epidemiologico-covid19"],"_links":{"self":[{"href":"https:\/\/www.acapulcopress.com\/index.php\/wp-json\/wp\/v2\/posts\/1228024","targetHints":{"allow":["GET"]}}],"collection":[{"href":"https:\/\/www.acapulcopress.com\/index.php\/wp-json\/wp\/v2\/posts"}],"about":[{"href":"https:\/\/www.acapulcopress.com\/index.php\/wp-json\/wp\/v2\/types\/post"}],"author":[{"embeddable":true,"href":"https:\/\/www.acapulcopress.com\/index.php\/wp-json\/wp\/v2\/users\/2"}],"replies":[{"embeddable":true,"href":"https:\/\/www.acapulcopress.com\/index.php\/wp-json\/wp\/v2\/comments?post=1228024"}],"version-history":[{"count":0,"href":"https:\/\/www.acapulcopress.com\/index.php\/wp-json\/wp\/v2\/posts\/1228024\/revisions"}],"wp:featuredmedia":[{"embeddable":true,"href":"https:\/\/www.acapulcopress.com\/index.php\/wp-json\/"}],"wp:attachment":[{"href":"https:\/\/www.acapulcopress.com\/index.php\/wp-json\/wp\/v2\/media?parent=1228024"}],"wp:term":[{"taxonomy":"category","embeddable":true,"href":"https:\/\/www.acapulcopress.com\/index.php\/wp-json\/wp\/v2\/categories?post=1228024"},{"taxonomy":"post_tag","embeddable":true,"href":"https:\/\/www.acapulcopress.com\/index.php\/wp-json\/wp\/v2\/tags?post=1228024"}],"curies":[{"name":"wp","href":"https:\/\/api.w.org\/{rel}","templated":true}]}}