{"id":1228031,"date":"2021-05-20T20:54:07","date_gmt":"2021-05-21T01:54:07","guid":{"rendered":"https:\/\/www.acapulco.press\/?p=1228031"},"modified":"2021-05-20T20:54:07","modified_gmt":"2021-05-21T01:54:07","slug":"presenta-gobernador-programa-de-erradicacion-de-violencia-contra-ninas-y-mujeres-indigenas","status":"publish","type":"post","link":"https:\/\/www.acapulcopress.com\/index.php\/2021\/05\/20\/presenta-gobernador-programa-de-erradicacion-de-violencia-contra-ninas-y-mujeres-indigenas\/","title":{"rendered":"Presenta Gobernador programa de erradicaci\u00f3n de violencia contra ni\u00f1as y mujeres ind\u00edgenas"},"content":{"rendered":"<p style=\"text-align: justify;\"><img loading=\"lazy\" decoding=\"async\" class=\"alignnone wp-image-1228034 \" src=\"https:\/\/www.acapulco.press\/wp-content\/uploads\/2021\/05\/VIOLENCIA-VS-NINAS2.jpg\" alt=\"\" width=\"822\" height=\"463\" \/><\/p>\n<p style=\"text-align: justify;\">] CHILPANCINGO, Gro. * 20 de mayo de 2021.<br \/>\n<em>) Gobierno de Guerrero.<\/em><\/p>\n<p style=\"text-align: justify;\">Con el objetivo de continuar en la ruta de la protecci\u00f3n y defensa de los derechos humanos de las ni\u00f1as y mujeres ind\u00edgenas, el gobernador H\u00e9ctor Astudillo Flores present\u00f3 el programa para el reforzamiento de acciones para erradicar la violencia en ese n\u00facleo poblacional de la Monta\u00f1a y Costa Chica.<\/p>\n<p style=\"text-align: justify;\">Durante este evento organizado por la Secretar\u00eda General de Gobierno que preside Florencio Salazar Adame, los responsables de las dependencias estatales presentaron un informe de lo que han realizado para atender este tema.<br \/>\nAnte representantes de organizaciones sociales como el Centro de Derechos humanos de la Monta\u00f1a Tlachinollan que dirige Abel Barrera Hern\u00e1ndez, de la organizaci\u00f3n \u00abMartha S\u00e1nchez N\u00e9stor, Voces de la Esperanza\u00bb y de la iglesia cat\u00f3lica, el ejecutivo guerrerense convoc\u00f3 a hacer un esfuerzo para erradicar todo tipo de violencia contra ni\u00f1as y mujeres ind\u00edgenas.<\/p>\n<p style=\"text-align: justify;\">Acompa\u00f1ado de su esposa, la presidenta del DIF Guerrero, Mercedes Calvo, as\u00ed como el fiscal General del Estado, Jorge Zuriel de los Santos Barrila y secretarios de despacho, Astudillo Flores manifest\u00f3 que se debe reforzar lo que se ha hecho a trav\u00e9s de las distintas dependencias ya que el compromiso de su administraci\u00f3n es garantizar el respeto a los derechos humanos de este sector, para lo cual, instruy\u00f3 que se realicen reuniones una vez al mes a fin de darle seguimiento puntual a las acciones.<\/p>\n<p style=\"text-align: justify;\">En su mensaje, el representante de la Subsecretar\u00eda de Derechos Humanos, Poblaci\u00f3n y Migraci\u00f3n, Misael Rojas Mej\u00eda expres\u00f3 el respaldo al gobierno del estado, pues dijo que estas acciones anunciadas hoy, son necesarias y urgentes porque este tipo de violencia afecta el desarrollo pleno de la ni\u00f1ez y constituye una violaci\u00f3n grave a sus derechos humanos que lesionan su dignidad e integridad.<\/p>\n<p style=\"text-align: justify;\">\u00abLas mujeres tienen el derecho de vivir una vida libre de violencia y el Estado tiene la obligaci\u00f3n de hacer efectivo este derecho, cuente con la Subsecretar\u00eda de Derechos Humanos para que hagamos ese horizonte posible\u00bb, agreg\u00f3 el funcionario Federal.<\/p>\n<p style=\"text-align: justify;\">La presidenta del DIF Guerrero, Mercedes Calvo se\u00f1al\u00f3 que se implement\u00f3 la estrategia virtual para realizar conferencias, talleres y jornadas escolares en temas de protecci\u00f3n a la infancia y la adolescencia, brindando herramientas para ni\u00f1as y adolescentes, pidi\u00f3 la colaboraci\u00f3n de las y los alcaldes para replicar las campa\u00f1as en temas de prevenci\u00f3n de abuso sexual infantil, modalidades de trata de personas, el papel de la familia ante un abuso sexual infantil, atenci\u00f3n a v\u00edctimas del delito de trata, entre otros temas<\/p>\n<p style=\"text-align: justify;\">En su turno, la secretaria de la Mujer, Maira Mart\u00ednez Pineda expuso que el Gobierno del Estado a trav\u00e9s del DIF Guerrero, la Secretar\u00eda de la Mujer y la Secretar\u00eda de Asuntos Indigenas y Afromexicanos as\u00ed como la Fiscal\u00eda General del Estado y la Comisi\u00f3n Estatal de Derechos Humanos, con el objetivo de erradicar la trata de personas en el estado de Guerrero, en su modalidad de matrimonios forzados, realizaron la firma de convenios con las autoridades municipales, desde presidencias municipales hasta los comisariados de las comunidades de los municipios de Cochoapa el Grande, Metlat\u00f3noc, Xochistlahuaca, Igualapa, Tlacoachistlahuaca y Malinaltepec, considerados entre los m\u00e1s pobres del pa\u00eds y principales en estas pr\u00e1cticas, documentadas y atendidas.<\/p>\n<p style=\"text-align: justify;\">En dichos convenios se plantea al comisariado o autoridades municipales se abstengan de participar en contratos de venta de ni\u00f1as o funjan como avales; en correspondencia, el Gobierno del Estado de Guerrero, a trav\u00e9s de las dependencias participantes, otorgan pl\u00e1ticas, cursos y talleres sobre los derechos humanos de las mujeres, nuevas masculinidades y perspectiva de g\u00e9nero, as\u00ed como la vinculaci\u00f3n por referencia a centros de atenci\u00f3n especializada para la atenci\u00f3n de los casos denunciados.<\/p>\n<p style=\"text-align: justify;\">La finalidad de esta estrategia es que las personas que habitan en las comunidades de estos municipios, sepan que la venta de ni\u00f1as en su modalidad de matrimonios forzados, constituye un delito, as\u00ed mismo se les da a conocer la ruta para que puedan realizar las denuncias correspondientes.<\/p>\n<p style=\"text-align: justify;\">\u00abEl Gobierno del Estado de Guerrero reitera su firme compromiso de garantizar a las mujeres y ni\u00f1as, el pleno respeto a sus derechos humanos, a su integridad, para lo cual tenemos una coordinaci\u00f3n con el Gobierno Federal, quien a trav\u00e9s del Programa de Apoyo a las Instancias de las Mujeres en las Entidades Federativas (PAIMEF) y Centros para el Desarrollo de las Mujeres (CDM \u0301S), con personal especializado, coadyuva en la prevenci\u00f3n y erradicaci\u00f3n de la violencia de g\u00e9nero, y con quienes seguiremos generando condiciones de igualdad y acceso a una vida libre de violencia\u00bb, indic\u00f3.<\/p>\n<p style=\"text-align: justify;\">El secretario de Asuntos Ind\u00edgenas y Afromexicanos, Javier Rojas Benito dijo que a trav\u00e9s de esta dependencia se implementaron talleres sobre la gu\u00eda de actuaci\u00f3n de referencia de mujeres en situaci\u00f3n de violencia, enfocado en la prevenci\u00f3n de trata de personas y matrimonios infantiles forzados, dirigido a ni\u00f1as y mujeres ind\u00edgenas, as\u00ed como a autoridades locales.<\/p>\n<p style=\"text-align: justify;\">Se llev\u00f3 a cabo el taller denominado: \u201cCuerpos amados, almas libres\u201d con el objetivo de generar una estrategia de prevenci\u00f3n y atenci\u00f3n a la violencia a mujeres ind\u00edgenas y afromexicanas en Guerrero; del Proyecto Integral para la Atenci\u00f3n a la Declaratoria de Alerta de Violencia de G\u00e9nero contra las Mujeres en el Estado de Guerrero: Xijtemiki, Xichiua (su\u00e9\u00f1alo, hazlo), los cuales se llevaron a cabo en los Municipios de Tlapa de Comonfort, Metlat\u00f3noc, Chilapa de \u00c1lvarez (Acatepec), San Luis Acatl\u00e1n y Ometepec.<\/p>\n<p style=\"text-align: justify;\">Se capacitaron 60, acreditaron 40 y certificaron 26 traductores e interpretes en lenguas ind\u00edgenas en el Estado por el INALI.<\/p>\n<p style=\"text-align: justify;\">La directora General de Comunicaci\u00f3n Social del gobierno del estado, Erika L\u00fchrs Cort\u00e9s precis\u00f3 que a trav\u00e9s de esta dependencia se ha realizado la difusi\u00f3n de campa\u00f1as espec\u00edficas para esta regi\u00f3n de la Monta\u00f1a que han sido traducidas a las cuatro lenguas que contienen informaci\u00f3n acerca de los tipos de violencia que existe para que las ni\u00f1as y mujeres aprenden a identificarlas y en su caso de padecerlas, poder denunciar ante las instancias correspondiente.<\/p>\n<p style=\"text-align: justify;\">Se difunden adem\u00e1s los n\u00fameros de emergencia, as\u00ed como ubicaciones de de los centros de atenci\u00f3n en donde podr\u00e1n solicitar asesor\u00eda en caso de necesitarla.<\/p>\n<p style=\"text-align: justify;\">En su intervenci\u00f3n, la subsecretaria de Coordinaci\u00f3n, Enlace y Atenci\u00f3n a Organizaciones sociales, Cinthia Carranco Vidal fue la responsable de presentar el Programa de Reforzamiento de las acciones a fin de garantizar los derechos de las ni\u00f1as y mujeres de municipios ind\u00edgenas, mediante una amplia difusi\u00f3n de sus derechos y acciones que destierren la violencia que pobladores ejercen en su contra, con argumentos de usos y costumbres.<\/p>\n<p style=\"text-align: justify;\">A trav\u00e9s de la Comisi\u00f3n Intersecretarial se van a atender 25 municipios: 23 de La Monta\u00f1a alta y baja y 2 de la Costa Chica, donde se realizar\u00e1n reuniones de informaci\u00f3n con presidentes municipales para socializar el programa.<br \/>\nDel 20 de mayo al 6 de junio se van a preparar los materiales para evitar cuestionamientos pol\u00edtico-electorales y a partir del 12 de junio iniciar\u00e1 el trabajo territorial con la visita a municipios, reuniones con autoridades agrarias, maestros, personal de salud, comerciantes y organizaciones de la sociedad civil.<\/p>\n<p style=\"text-align: justify;\">Habr\u00e1 una campa\u00f1a de sensibilizaci\u00f3n a trav\u00e9s de carteles y redes sociales en lenguas maternas, spots de radio traducidos a las lenguas maternas con los temas de evitar la violencia en \u201cusos y costumbres\u201d por matrimonios forzados, derechos Humanos de las mujeres, nuevas masculinidades, igualdad de g\u00e9nero, c\u00f3mo hacer efectiva una denuncia, capacitaci\u00f3n a las autoridades municipales con perspectiva de g\u00e9nero y atenci\u00f3n a mujeres en situaci\u00f3n de violencia, taller de empoderamiento a mujeres y ni\u00f1as.<\/p>\n<p style=\"text-align: justify;\">El representante del Centro de Derechos Humanos de la Monta\u00f1a (Tlachinollan), Abel Barrera Hern\u00e1ndez manifest\u00f3 que celebran este programa y por la mirada integral que se da al problema con la situaci\u00f3n de ni\u00f1as ind\u00edgenas de esta zona de Guerrero, \u00abque bueno que el gobierno del estado tenga y atienda este compromiso expreso que han manifestado\u00bb.<\/p>\n<p style=\"text-align: justify;\">A su vez, el presidente municipal de Tlapa, Dionicio Merced Pichardo Garc\u00eda reconoci\u00f3 que el gobierno del estado ha estado atento de esta situaci\u00f3n, \u00abnunca dej\u00f3 de mirar a la regi\u00f3n de la Monta\u00f1a por eso me alegra que est\u00e9 aqu\u00ed el gobernador H\u00e9ctor Astudillo encabezando estos esfuerzos\u00bb.<\/p>\n<p style=\"text-align: justify;\">En la reuni\u00f3n, el ejecutivo guerrerense firm\u00f3 el convenio para la puesta en marcha de este Programa con los alcaldes de Tlapa, Dionicio Merced Pichardo Garc\u00eda; de Alpoyeca, Guadalupe Luna Ayala y de Huamuxtitl\u00e1n, Elpidio Nava Rodr\u00edguez.<\/p>\n","protected":false},"excerpt":{"rendered":"<p>] CHILPANCINGO, Gro. * 20 de mayo de 2021. ) Gobierno de Guerrero. Con el objetivo de continuar en la ruta de la protecci\u00f3n y defensa de los derechos humanos de las ni\u00f1as y mujeres ind\u00edgenas, el gobernador H\u00e9ctor Astudillo Flores present\u00f3 el programa para el reforzamiento de acciones para erradicar la violencia en ese&#8230;<\/p>\n","protected":false},"author":2,"featured_media":1228033,"comment_status":"closed","ping_status":"closed","sticky":false,"template":"","format":"standard","meta":{"footnotes":""},"categories":[18573,1983],"tags":[6705,9302,9697,16426],"class_list":["post-1228031","post","type-post","status-publish","format-standard","has-post-thumbnail","hentry","category-goverment","category-guerrerogob","tag-covid19","tag-gobierno-de-guerrero","tag-hectopr-astudillo-flores","tag-semaforo-epidemiologico-covid19"],"_links":{"self":[{"href":"https:\/\/www.acapulcopress.com\/index.php\/wp-json\/wp\/v2\/posts\/1228031","targetHints":{"allow":["GET"]}}],"collection":[{"href":"https:\/\/www.acapulcopress.com\/index.php\/wp-json\/wp\/v2\/posts"}],"about":[{"href":"https:\/\/www.acapulcopress.com\/index.php\/wp-json\/wp\/v2\/types\/post"}],"author":[{"embeddable":true,"href":"https:\/\/www.acapulcopress.com\/index.php\/wp-json\/wp\/v2\/users\/2"}],"replies":[{"embeddable":true,"href":"https:\/\/www.acapulcopress.com\/index.php\/wp-json\/wp\/v2\/comments?post=1228031"}],"version-history":[{"count":0,"href":"https:\/\/www.acapulcopress.com\/index.php\/wp-json\/wp\/v2\/posts\/1228031\/revisions"}],"wp:featuredmedia":[{"embeddable":true,"href":"https:\/\/www.acapulcopress.com\/index.php\/wp-json\/"}],"wp:attachment":[{"href":"https:\/\/www.acapulcopress.com\/index.php\/wp-json\/wp\/v2\/media?parent=1228031"}],"wp:term":[{"taxonomy":"category","embeddable":true,"href":"https:\/\/www.acapulcopress.com\/index.php\/wp-json\/wp\/v2\/categories?post=1228031"},{"taxonomy":"post_tag","embeddable":true,"href":"https:\/\/www.acapulcopress.com\/index.php\/wp-json\/wp\/v2\/tags?post=1228031"}],"curies":[{"name":"wp","href":"https:\/\/api.w.org\/{rel}","templated":true}]}}