{"id":1228042,"date":"2021-05-20T23:11:49","date_gmt":"2021-05-21T04:11:49","guid":{"rendered":"https:\/\/www.acapulco.press\/?p=1228042"},"modified":"2021-05-20T23:11:49","modified_gmt":"2021-05-21T04:11:49","slug":"angel-irra-andele-kbritos-y-sigue-la-mata-dando","status":"publish","type":"post","link":"https:\/\/www.acapulcopress.com\/index.php\/2021\/05\/20\/angel-irra-andele-kbritos-y-sigue-la-mata-dando\/","title":{"rendered":"\u00c1ngel Irra | \u00a1\u00c1ndele, k&#8217;britos! Y sigue la mata dando\u2026"},"content":{"rendered":"<p><em><img loading=\"lazy\" decoding=\"async\" class=\"alignnone wp-image-1228045 size-large\" src=\"https:\/\/www.acapulco.press\/wp-content\/uploads\/2021\/05\/IRRA3-840x560.jpg\" alt=\"\" width=\"840\" height=\"560\" \/><\/p>\n<p>Un Rapid\u00edn<\/em><br \/>\n<strong>] Con \u00c1ngel Irra Carceda.<\/strong><\/p>\n<p style=\"text-align: justify;\">Este jueves sigui\u00f3 a tambor batiente su campa\u00f1a Mario Moreno Arcos, candidato a la gubernatura por la Alianza PRI-PRD, en la Monta\u00f1a Baja.<\/p>\n<p>Y, como ha ocurrido en otras zonas del estado, en esta jornada cosech\u00f3 m\u00e1s adhesiones a su candidatura.<\/p>\n<p>En Zitlala, se le sum\u00f3 el coordinador distrital del Partido Verde Ecologista de M\u00e9xico, Reyes Nava Alejo. Y poco m\u00e1s tarde, en Chilapa, Faustino Castro Bello, candidato del PAN a presidente municipal.<\/p>\n<p style=\"text-align: justify;\">\nYa estamos pr\u00e1cticamente en la antesala de la jornada comicial del 6 de junio, y se observa que en la Alianza PRI-PRD ya est\u00e1n a nada de alcanzar el Do de Pecho, mientras que enfrente siguen a\u00fan con el falsete de los Karkis y los de Zamacona.<\/p>\n<p><img loading=\"lazy\" decoding=\"async\" class=\"alignnone wp-image-1228044 size-large\" src=\"https:\/\/www.acapulco.press\/wp-content\/uploads\/2021\/05\/IRRA2-840x560.jpg\" alt=\"\" width=\"840\" height=\"560\" \/><\/p>\n","protected":false},"excerpt":{"rendered":"<p>Un Rapid\u00edn ] Con \u00c1ngel Irra Carceda. Este jueves sigui\u00f3 a tambor batiente su campa\u00f1a Mario Moreno Arcos, candidato a la gubernatura por la Alianza PRI-PRD, en la Monta\u00f1a Baja. Y, como ha ocurrido en otras zonas del estado, en esta jornada cosech\u00f3 m\u00e1s adhesiones a su candidatura. En Zitlala, se le sum\u00f3 el coordinador&#8230;<\/p>\n","protected":false},"author":2,"featured_media":1228043,"comment_status":"closed","ping_status":"closed","sticky":false,"template":"","format":"standard","meta":{"footnotes":""},"categories":[2071,1991],"tags":[3684,3938,4246,5928,9302,12685,15511,17510],"class_list":["post-1228042","post","type-post","status-publish","format-standard","has-post-thumbnail","hentry","category-opinion-analisis-columnas","category-libertad-de-expresion","tag-alianza-pri-prd-guerrero-2021","tag-angel-irra-carceda","tag-asi-gana-guerrero","tag-coalicion-va-por-guerrero","tag-gobierno-de-guerrero","tag-mario-moreno-arcos","tag-respeto-por-guerrero","tag-un-rapidi"],"_links":{"self":[{"href":"https:\/\/www.acapulcopress.com\/index.php\/wp-json\/wp\/v2\/posts\/1228042","targetHints":{"allow":["GET"]}}],"collection":[{"href":"https:\/\/www.acapulcopress.com\/index.php\/wp-json\/wp\/v2\/posts"}],"about":[{"href":"https:\/\/www.acapulcopress.com\/index.php\/wp-json\/wp\/v2\/types\/post"}],"author":[{"embeddable":true,"href":"https:\/\/www.acapulcopress.com\/index.php\/wp-json\/wp\/v2\/users\/2"}],"replies":[{"embeddable":true,"href":"https:\/\/www.acapulcopress.com\/index.php\/wp-json\/wp\/v2\/comments?post=1228042"}],"version-history":[{"count":0,"href":"https:\/\/www.acapulcopress.com\/index.php\/wp-json\/wp\/v2\/posts\/1228042\/revisions"}],"wp:featuredmedia":[{"embeddable":true,"href":"https:\/\/www.acapulcopress.com\/index.php\/wp-json\/"}],"wp:attachment":[{"href":"https:\/\/www.acapulcopress.com\/index.php\/wp-json\/wp\/v2\/media?parent=1228042"}],"wp:term":[{"taxonomy":"category","embeddable":true,"href":"https:\/\/www.acapulcopress.com\/index.php\/wp-json\/wp\/v2\/categories?post=1228042"},{"taxonomy":"post_tag","embeddable":true,"href":"https:\/\/www.acapulcopress.com\/index.php\/wp-json\/wp\/v2\/tags?post=1228042"}],"curies":[{"name":"wp","href":"https:\/\/api.w.org\/{rel}","templated":true}]}}