{"id":1228056,"date":"2021-05-21T18:29:01","date_gmt":"2021-05-21T23:29:01","guid":{"rendered":"https:\/\/www.acapulco.press\/?p=1228056"},"modified":"2021-05-21T18:29:01","modified_gmt":"2021-05-21T23:29:01","slug":"guerrero-pasara-a-semaforo-verde-el-lunes","status":"publish","type":"post","link":"https:\/\/www.acapulcopress.com\/index.php\/2021\/05\/21\/guerrero-pasara-a-semaforo-verde-el-lunes\/","title":{"rendered":"Guerrero pasar\u00e1 a &#8216;sem\u00e1foro verde&#8217; el lunes"},"content":{"rendered":"<p style=\"text-align: justify;\">] CHILPANCINGO, Gro. * 21 de mayo de 2021.<br \/>\n<em>) Especial.<\/em><\/p>\n<p style=\"text-align: justify;\">El gobernador de Guerrero, H\u00e9ctor Astudillo Flores, anunci\u00f3 que el sem\u00e1foro epidemiol\u00f3gico del Covid19 de la entidad pasar\u00e1 de color amarillo a verde a partir del pr\u00f3ximo lunes 24 de mayo y estar\u00e1 vigente hasta el 6 de junio de 2021, d\u00eda de las elecciones para gobernador en el Estado.<\/p>\n<p style=\"text-align: justify;\">Seg\u00fan informe de la Secretar\u00eda de Salud federal, a Guerreo, por su mejora en las estad\u00edsticas epidemiol\u00f3gicas, le correspondi\u00f3 el color verde durante las pr\u00f3ximas dos semanas.<\/p>\n<figure id=\"attachment_1228057\" aria-describedby=\"caption-attachment-1228057\" style=\"width: 375px\" class=\"wp-caption alignleft\"><img loading=\"lazy\" decoding=\"async\" class=\"wp-image-1228057 size-medium\" src=\"https:\/\/www.acapulco.press\/wp-content\/uploads\/2021\/05\/CODIGO-AMARILLO-375x243.jpg\" alt=\"\" width=\"375\" height=\"243\" \/><figcaption id=\"caption-attachment-1228057\" class=\"wp-caption-text\"><strong>Carlos de la Pe\u00f1a.<\/strong><\/figcaption><\/figure>\n<p style=\"text-align: justify;\">Previo al anuncio del mandatario guerrerense, el secretario de Salud estatal, Carlos de la Pe\u00f1a Pintos, explic\u00f3 las fases de la pandemia en Guerrero. \u00abLa primera se dio de abril a junio de 2020, cuando repuntaron los casos contagios, la hospitalizaci\u00f3n y mortalidad; la segunda, de julio de 2020 a enero de 2021, donde hubo altibajos, pero tambi\u00e9n incremento, sobre todo al inicio del a\u00f1o actual.\u00a0Y la tercera fase, comprendi\u00f3 de febrero a mayo de 21, donde se ha registrado una disminuci\u00f3n continua de los casos\u00bb.<\/p>\n<p style=\"text-align: justify;\">Asimismo, present\u00f3 los sem\u00e1foros que ha tenido la entidad del 16 de agosto de 2020 hasta el 21 de mayo de 2021, donde 14 semanas estuvo en color naranja y 25 semanas en color amarillo.<\/p>\n<p style=\"text-align: justify;\">El gobernador Astudillo aclar\u00f3 que el \u00absem\u00e1foro verde no es sin\u00f3nimo de relajamiento social, ni olvido de las medidas preventivas ante la emergencia sanitaria\u00bb, dijo que \u00abse tiene que continuar con el uso de cubrebocas, sana distancia y adem\u00e1s medidas sanitarias y apostarle a la vacunaci\u00f3n contra el coronavirus\u00bb.<\/p>\n<p>El anuncio se da cuando a la fecha Guerrero cuenta con 40 mil 806 casos confirmados de Covid19 y 2 mil 763 casos sospechosos m\u00e1s; 4 mil 428 defunciones y 379 casos activos.<\/p>\n<p>CONTAGIOS POR MUNICIPIOS<\/p>\n<p><img loading=\"lazy\" decoding=\"async\" class=\"alignnone wp-image-1228059 size-large\" src=\"https:\/\/www.acapulco.press\/wp-content\/uploads\/2021\/05\/COVID1-840x1208.jpg\" alt=\"\" width=\"840\" height=\"1208\" \/><br \/>\n<img loading=\"lazy\" decoding=\"async\" class=\"alignnone wp-image-1228060 size-large\" src=\"https:\/\/www.acapulco.press\/wp-content\/uploads\/2021\/05\/COVID2-840x1208.jpg\" alt=\"\" width=\"840\" height=\"1208\" \/><br \/>\n<img loading=\"lazy\" decoding=\"async\" class=\"alignnone wp-image-1228061 size-large\" src=\"https:\/\/www.acapulco.press\/wp-content\/uploads\/2021\/05\/COVID3-840x427.jpg\" alt=\"\" width=\"840\" height=\"427\" \/><\/p>\n<p style=\"text-align: justify;\">\n","protected":false},"excerpt":{"rendered":"<p>] CHILPANCINGO, Gro. * 21 de mayo de 2021. ) Especial. El gobernador de Guerrero, H\u00e9ctor Astudillo Flores, anunci\u00f3 que el sem\u00e1foro epidemiol\u00f3gico del Covid19 de la entidad pasar\u00e1 de color amarillo a verde a partir del pr\u00f3ximo lunes 24 de mayo y estar\u00e1 vigente hasta el 6 de junio de 2021, d\u00eda de las&#8230;<\/p>\n","protected":false},"author":2,"featured_media":1228058,"comment_status":"closed","ping_status":"closed","sticky":false,"template":"","format":"standard","meta":{"footnotes":""},"categories":[1972,1997,18580],"tags":[],"class_list":["post-1228056","post","type-post","status-publish","format-standard","has-post-thumbnail","hentry","category-special","category-noticias-destacadas","category-salud-mundial"],"_links":{"self":[{"href":"https:\/\/www.acapulcopress.com\/index.php\/wp-json\/wp\/v2\/posts\/1228056","targetHints":{"allow":["GET"]}}],"collection":[{"href":"https:\/\/www.acapulcopress.com\/index.php\/wp-json\/wp\/v2\/posts"}],"about":[{"href":"https:\/\/www.acapulcopress.com\/index.php\/wp-json\/wp\/v2\/types\/post"}],"author":[{"embeddable":true,"href":"https:\/\/www.acapulcopress.com\/index.php\/wp-json\/wp\/v2\/users\/2"}],"replies":[{"embeddable":true,"href":"https:\/\/www.acapulcopress.com\/index.php\/wp-json\/wp\/v2\/comments?post=1228056"}],"version-history":[{"count":0,"href":"https:\/\/www.acapulcopress.com\/index.php\/wp-json\/wp\/v2\/posts\/1228056\/revisions"}],"wp:featuredmedia":[{"embeddable":true,"href":"https:\/\/www.acapulcopress.com\/index.php\/wp-json\/"}],"wp:attachment":[{"href":"https:\/\/www.acapulcopress.com\/index.php\/wp-json\/wp\/v2\/media?parent=1228056"}],"wp:term":[{"taxonomy":"category","embeddable":true,"href":"https:\/\/www.acapulcopress.com\/index.php\/wp-json\/wp\/v2\/categories?post=1228056"},{"taxonomy":"post_tag","embeddable":true,"href":"https:\/\/www.acapulcopress.com\/index.php\/wp-json\/wp\/v2\/tags?post=1228056"}],"curies":[{"name":"wp","href":"https:\/\/api.w.org\/{rel}","templated":true}]}}