{"id":1228093,"date":"2021-05-21T21:16:34","date_gmt":"2021-05-22T02:16:34","guid":{"rendered":"https:\/\/www.acapulco.press\/?p=1228093"},"modified":"2021-05-21T21:16:34","modified_gmt":"2021-05-22T02:16:34","slug":"en-multitudinario-evento-en-tlapa-militantes-del-pt-y-morena-se-suman-a-mario-moreno","status":"publish","type":"post","link":"https:\/\/www.acapulcopress.com\/index.php\/2021\/05\/21\/en-multitudinario-evento-en-tlapa-militantes-del-pt-y-morena-se-suman-a-mario-moreno\/","title":{"rendered":"En multitudinario evento en Tlapa, militantes del PT y Morena se suman a Mario Moreno"},"content":{"rendered":"<p style=\"text-align: justify;\"><strong><img loading=\"lazy\" decoding=\"async\" class=\"alignnone wp-image-1228095 size-large\" src=\"https:\/\/www.acapulco.press\/wp-content\/uploads\/2021\/05\/MARIO-TLAPA-840x471.jpg\" alt=\"\" width=\"840\" height=\"471\" \/><\/strong><strong>En \u00abmarcha de la victoria\u00bb y multitudinario evento, Mario Moreno asegura que el desarrollo llegar\u00e1 a la Monta\u00f1a<\/strong><\/p>\n<p style=\"text-align: justify;\">] TLAPA, Gro. * 21 de mayo de 2021.<br \/>\n<em>) Especial.<\/em><\/p>\n<p style=\"text-align: justify;\">En un acto de cierre de campa\u00f1a multitudinario que comenz\u00f3 con una mega marcha en la ciudad de Tlapa, el candidato de la coalici\u00f3n PRI-PRD, Mario Moreno Arcos, se comprometi\u00f3 a traer el desarrollo a todos los sectores de la regi\u00f3n de La Monta\u00f1a.<\/p>\n<p style=\"text-align: justify;\"><strong><img loading=\"lazy\" decoding=\"async\" class=\"alignleft size-medium wp-image-1228099\" src=\"https:\/\/www.acapulco.press\/wp-content\/uploads\/2021\/05\/MARIO-TLAPA13-375x250.jpeg\" alt=\"\" width=\"375\" height=\"250\" \/><\/strong>El candidato de Va por Guerrero, recibi\u00f3 la adhesi\u00f3n del militante del PT, \u00c1ngel Espinobarros, as\u00ed como del l\u00edder de la izquierda y militante de Morena, Leonardo Manzano.<\/p>\n<p style=\"text-align: justify;\">Moreno Arcos se comprometi\u00f3 a comenzar el encauzamiento del R\u00edo Jale y continuar con la construcci\u00f3n que comenz\u00f3 el gobernador del estado, H\u00e9ctor Astudillo Flores del libramiento de Tlapa.<\/p>\n<p style=\"text-align: justify;\">Asegur\u00f3 el regreso de las estancias infantiles, del programa Prospera, apoyos sin precedente al campo y cr\u00e9ditos a la palabra a mujeres emprendedoras.<\/p>\n<p style=\"text-align: justify;\"><img loading=\"lazy\" decoding=\"async\" class=\"alignleft size-medium wp-image-1228096\" src=\"https:\/\/www.acapulco.press\/wp-content\/uploads\/2021\/05\/MARIO-TLAPA3-375x250.jpeg\" alt=\"\" width=\"375\" height=\"250\" \/>\u00abEl pr\u00f3ximo 6 de junio elige cumplir, elige un gobierno para todos, elige un gobierno sin insultos ni amenazas, elige a Mario Moreno, para que juntos, con coraz\u00f3n, con acuerdos, hagamos que gane Guerrero\u00bb, se\u00f1al\u00f3.<\/p>\n<p style=\"text-align: justify;\">Mario Moreno Arcos, expuso que est\u00e1 muy cerca de construir el Guerrero que quiere, pero sobre todo \u00abel Guerrero que nos merecemos todas y todos los guerrerenses\u00bb.<\/p>\n<p style=\"text-align: justify;\">\u00abPido el voto de los guerrerenses, porqu\u00e9 mi compromiso con la gente es de frente, es personal, es contigo. Un voto por Mario es regresar las estancias infantiles. Un voto por Mario <img loading=\"lazy\" decoding=\"async\" class=\"alignleft size-medium wp-image-1228097\" src=\"https:\/\/www.acapulco.press\/wp-content\/uploads\/2021\/05\/MARIO-TLAPA11-375x250.jpeg\" alt=\"\" width=\"375\" height=\"250\" \/>es apoyar al campo. Un voto por Mario es regresar el turismo. Un voto por Mario, es un voto por t\u00ed\u00bb, recalc\u00f3.<\/p>\n<p style=\"text-align: justify;\">Adem\u00e1s puntualiz\u00f3 que ser\u00e1 aliado del presidente L\u00f3pez Obrador y que trabajar\u00e1 en coordinaci\u00f3n estrecha con el gobierno federal y los gobiernos municipales por el bien de Guerrero.<\/p>\n<p style=\"text-align: justify;\">\u00abYo le digo s\u00ed a Guerrero, y para ello trabajar\u00e9 hombro a hombro con todos. Los programas del gobierno federal seguir\u00e1n llegando a Guerrero, son tu derecho\u00bb, ataj\u00f3.<\/p>\n<p style=\"text-align: justify;\">Por su parte, Gilberto Solano mencion\u00f3 que confiaba en que Moreno Arcos construyera un hospital de especialidades en Tlapa, \u00abporque Mario es un hombre de palabra, con experiencia y un hombre honesto que sabe cumplir su palabra, por eso ha ganado seis de seis elecciones\u00bb, extern\u00f3.<\/p>\n<p style=\"text-align: justify;\">A este evento en el llamado \u00abCoraz\u00f3n de La Monta\u00f1a\u00bb, acudieron el candidato a presidente municipal de Tlapa, Gilberto Solano Arriaga; las candidatas a diputadas, Rosalinda Mata del distrito 27 y Guadalupe Guzm\u00e1n Cano del distrito 28.<\/p>\n\n","protected":false},"excerpt":{"rendered":"<p>En \u00abmarcha de la victoria\u00bb y multitudinario evento, Mario Moreno asegura que el desarrollo llegar\u00e1 a la Monta\u00f1a ] TLAPA, Gro. * 21 de mayo de 2021. ) Especial. En un acto de cierre de campa\u00f1a multitudinario que comenz\u00f3 con una mega marcha en la ciudad de Tlapa, el candidato de la coalici\u00f3n PRI-PRD, Mario&#8230;<\/p>\n","protected":false},"author":2,"featured_media":1228097,"comment_status":"closed","ping_status":"closed","sticky":false,"template":"","format":"standard","meta":{"footnotes":""},"categories":[2053,1972],"tags":[],"class_list":["post-1228093","post","type-post","status-publish","format-standard","has-post-thumbnail","hentry","category-elecciones-special","category-special"],"_links":{"self":[{"href":"https:\/\/www.acapulcopress.com\/index.php\/wp-json\/wp\/v2\/posts\/1228093","targetHints":{"allow":["GET"]}}],"collection":[{"href":"https:\/\/www.acapulcopress.com\/index.php\/wp-json\/wp\/v2\/posts"}],"about":[{"href":"https:\/\/www.acapulcopress.com\/index.php\/wp-json\/wp\/v2\/types\/post"}],"author":[{"embeddable":true,"href":"https:\/\/www.acapulcopress.com\/index.php\/wp-json\/wp\/v2\/users\/2"}],"replies":[{"embeddable":true,"href":"https:\/\/www.acapulcopress.com\/index.php\/wp-json\/wp\/v2\/comments?post=1228093"}],"version-history":[{"count":0,"href":"https:\/\/www.acapulcopress.com\/index.php\/wp-json\/wp\/v2\/posts\/1228093\/revisions"}],"wp:featuredmedia":[{"embeddable":true,"href":"https:\/\/www.acapulcopress.com\/index.php\/wp-json\/"}],"wp:attachment":[{"href":"https:\/\/www.acapulcopress.com\/index.php\/wp-json\/wp\/v2\/media?parent=1228093"}],"wp:term":[{"taxonomy":"category","embeddable":true,"href":"https:\/\/www.acapulcopress.com\/index.php\/wp-json\/wp\/v2\/categories?post=1228093"},{"taxonomy":"post_tag","embeddable":true,"href":"https:\/\/www.acapulcopress.com\/index.php\/wp-json\/wp\/v2\/tags?post=1228093"}],"curies":[{"name":"wp","href":"https:\/\/api.w.org\/{rel}","templated":true}]}}