{"id":1228138,"date":"2021-05-21T22:12:23","date_gmt":"2021-05-22T03:12:23","guid":{"rendered":"https:\/\/www.acapulco.press\/?p=1228138"},"modified":"2021-05-21T22:12:23","modified_gmt":"2021-05-22T03:12:23","slug":"parlamento-europeo-pide-reconocer-el-ecocidio-como-delito-internacional","status":"publish","type":"post","link":"https:\/\/www.acapulcopress.com\/index.php\/2021\/05\/21\/parlamento-europeo-pide-reconocer-el-ecocidio-como-delito-internacional\/","title":{"rendered":"Parlamento Europeo pide reconocer el \u201cecocidio\u201d como delito internacional"},"content":{"rendered":"<p style=\"text-align: justify;\">] LONDRES. * 21 de mayo de 2021.<br \/>\n<em>) <a href=\"https:\/\/www.efeverde.com\/noticias\/eurocamara-reconocer-ecocidio-delito-internacional\/\" target=\"_blank\" rel=\"noopener\">Efe<\/a>.<\/em><\/p>\n<p style=\"text-align: justify;\">El Parlamento Europeo (PE) dio luz verde en el pleno a un informe que pide redoblar la protecci\u00f3n para los activistas medioambientales y reivindica reconocer el \u201cecocidio\u201d como un delito internacional.<\/p>\n<p style=\"text-align: justify;\">El texto apuesta por negociar en el marco de la Corte Penal Internacional el reconocimiento del \u201cecocidio\u201d como delito a nivel internacional dentro del Estatuto de Roma.<\/p>\n<p style=\"text-align: justify;\">\u201cEstamos hablando de un delito, de un crimen contra la humanidad y, por lo tanto, de una responsabilidad internacional en esas conductas\u201d, dijo en declaraciones a Efe la eurodiputada Soraya Rodr\u00edguez (Renew), ponente del informe.<\/p>\n<p style=\"text-align: justify;\">La legisladora espa\u00f1ola sostiene que el \u201cecocidio\u201d, un t\u00e9rmino que \u201cdivide\u201d al Parlamento, ser\u00e1 finalmente tratado y contemplado como lo que es, \u201cun delito\u201d contra la destrucci\u00f3n del medioambiente.<\/p>\n<p style=\"text-align: justify;\">Las ampollas que levanta este t\u00e9rmino entre los diputados quedaron patentes en las votaciones: su menci\u00f3n en el texto pas\u00f3 por 344 a favor, 316 en contra y 26 abstenciones.<\/p>\n<p style=\"text-align: justify;\">\u201cLa destrucci\u00f3n de un ecosistema supone un da\u00f1o irreversible para todo el planeta y para los derechos humanos que todos tenemos\u201d, afirm\u00f3 Rodr\u00edguez.<\/p>\n<p style=\"text-align: justify;\">Votaciones<\/p>\n<p>Aprobado con 518 votos a favor, 97 en contra y 77 abstenciones, con el documento la Euroc\u00e1mara inst\u00f3 a la Uni\u00f3n Europea (UE) a mostrar su apoyo a los defensores del medioambiente y protegerlos de la persecuci\u00f3n.<\/p>\n<p style=\"text-align: justify;\">Un texto que pone de manifiesto c\u00f3mo el cambio clim\u00e1tico amenaza el disfrute de los derechos humanos, incluido el derecho a la vida, al agua potable, a la alimentaci\u00f3n o a la salud, al igual que el derecho a la vivienda, ya que el deterioro del h\u00e1bitat provoca desplazamientos de la poblaci\u00f3n.<\/p>\n<p style=\"text-align: justify;\">Seg\u00fan un estudio de Global Witness, 212 activistas medioambientales fueron asesinados en 2019, un 30 % m\u00e1s que el a\u00f1o anterior.<\/p>\n<p style=\"text-align: justify;\">La cifra ascendi\u00f3 hasta las 331 muertes el a\u00f1o pasado.<\/p>\n<p style=\"text-align: justify;\">Delitos medioambientales<\/p>\n<p>Aproximadamente, el 40 % de estas v\u00edctimas eran ind\u00edgenas y otros propietarios tradicionales y m\u00e1s de dos terceras partes de los asesinatos tuvieron lugar en Latinaom\u00e9rica.<\/p>\n<p style=\"text-align: justify;\">Con la aprobaci\u00f3n del informe, el Parlamento aboga por luchar \u201ccontra la impunidad de los autores\u201d de delitos medioambientales a nivel mundial.<\/p>\n<p style=\"text-align: justify;\">Rodr\u00edguez denunci\u00f3 que \u201cson muchos\u201d los asesinatos sin resolver y acus\u00f3 la falta de reparaci\u00f3n y justicia para las v\u00edctimas.<\/p>\n<p style=\"text-align: justify;\">Defensores del medio ambiente<\/p>\n<p>En 2020, en pleno confinamiento por la pandemia, el 69 % de los activistas de los derechos humanos asesinados defend\u00eda el medioambiente, estim\u00f3 la diputada, y, entre ellos, el 26 % trabajaba en el \u00e1mbito de los derechos de los pueblos ind\u00edgenas.<\/p>\n<p style=\"text-align: justify;\">\u201cLos defensores del medio ambiente son defensores de derechos humanos, de los suyos, de sus colectividades, de sus comunidades locales, pero tambi\u00e9n de los nuestros, de los que estamos a millones y millones de kil\u00f3metros de distancia\u201d, zanj\u00f3.<\/p>\n","protected":false},"excerpt":{"rendered":"<p>] LONDRES. * 21 de mayo de 2021. ) Efe. El Parlamento Europeo (PE) dio luz verde en el pleno a un informe que pide redoblar la protecci\u00f3n para los activistas medioambientales y reivindica reconocer el \u201cecocidio\u201d como un delito internacional. El texto apuesta por negociar en el marco de la Corte Penal Internacional el&#8230;<\/p>\n","protected":false},"author":2,"featured_media":1228132,"comment_status":"closed","ping_status":"closed","sticky":false,"template":"","format":"standard","meta":{"footnotes":""},"categories":[2066,1988],"tags":[7537,14247],"class_list":["post-1228138","post","type-post","status-publish","format-standard","has-post-thumbnail","hentry","category-habitat-salvaje","category-lifestyles","tag-ecocidio","tag-parlamento-europeo"],"_links":{"self":[{"href":"https:\/\/www.acapulcopress.com\/index.php\/wp-json\/wp\/v2\/posts\/1228138","targetHints":{"allow":["GET"]}}],"collection":[{"href":"https:\/\/www.acapulcopress.com\/index.php\/wp-json\/wp\/v2\/posts"}],"about":[{"href":"https:\/\/www.acapulcopress.com\/index.php\/wp-json\/wp\/v2\/types\/post"}],"author":[{"embeddable":true,"href":"https:\/\/www.acapulcopress.com\/index.php\/wp-json\/wp\/v2\/users\/2"}],"replies":[{"embeddable":true,"href":"https:\/\/www.acapulcopress.com\/index.php\/wp-json\/wp\/v2\/comments?post=1228138"}],"version-history":[{"count":0,"href":"https:\/\/www.acapulcopress.com\/index.php\/wp-json\/wp\/v2\/posts\/1228138\/revisions"}],"wp:featuredmedia":[{"embeddable":true,"href":"https:\/\/www.acapulcopress.com\/index.php\/wp-json\/"}],"wp:attachment":[{"href":"https:\/\/www.acapulcopress.com\/index.php\/wp-json\/wp\/v2\/media?parent=1228138"}],"wp:term":[{"taxonomy":"category","embeddable":true,"href":"https:\/\/www.acapulcopress.com\/index.php\/wp-json\/wp\/v2\/categories?post=1228138"},{"taxonomy":"post_tag","embeddable":true,"href":"https:\/\/www.acapulcopress.com\/index.php\/wp-json\/wp\/v2\/tags?post=1228138"}],"curies":[{"name":"wp","href":"https:\/\/api.w.org\/{rel}","templated":true}]}}