{"id":1228152,"date":"2021-05-21T22:31:26","date_gmt":"2021-05-22T03:31:26","guid":{"rendered":"https:\/\/www.acapulco.press\/?p=1228152"},"modified":"2021-05-21T22:31:26","modified_gmt":"2021-05-22T03:31:26","slug":"16-estados-entraran-en-semaforo-verde-a-partir-de-la-proxima-semana","status":"publish","type":"post","link":"https:\/\/www.acapulcopress.com\/index.php\/2021\/05\/21\/16-estados-entraran-en-semaforo-verde-a-partir-de-la-proxima-semana\/","title":{"rendered":"16 estados entrar\u00e1n en &#8216;sem\u00e1foro verde&#8217; a partir de la pr\u00f3xima semana"},"content":{"rendered":"<p style=\"text-align: justify;\">] CIUDAD DE M\u00c9XICO. * 21 de mayo de 2021.<br \/>\n<em>) <a href=\"https:\/\/latinus.us\/2021\/05\/21\/estaran-16-estados-semaforo-verde-proxima-semana-una-entidad-naranja\/\" target=\"_blank\" rel=\"noopener\">Latinus<\/a>.<\/em><\/p>\n<p style=\"text-align: justify;\">La Secretar\u00eda de Salud anunci\u00f3 este viernes que 16 estados pasar\u00e1n sem\u00e1foro verde a partir de la pr\u00f3xima semana, mientras 15 estar\u00e1n en amarillo y Quintana Roo es la \u00fanica entidad en naranja, el nivel de riesgo alto ante la pandemia de Covid-19.<\/p>\n<p style=\"text-align: justify;\">El pa\u00eds se mantiene por una semana m\u00e1s sin estados en el color rojo del sem\u00e1foro de riesgo epidemiol\u00f3gico Covid del gobierno federal.<\/p>\n<p style=\"text-align: justify;\">Aguascalientes, Guerrero, Morelos y Quer\u00e9taro disminuyeron su nivel de riesgo para pasar al sem\u00e1foro verde la siguiente semana. Chihuahua y Tabasco cambiar\u00e1n del naranja al color amarillo.<\/p>\n<p style=\"text-align: justify;\">Campeche, Nayarit y Nuevo Le\u00f3n regresar\u00e1n al amarillo al incrementar los casos y hospitalizaciones por Covid-19.<\/p>\n<p style=\"text-align: justify;\">La actualizaci\u00f3n estar\u00e1 vigente entre el lunes 24 y el domingo 30 de mayo. El pr\u00f3ximo jueves se presentar\u00e1 una nueva evaluaci\u00f3n de riesgo a los gobernadores de los estados y el sem\u00e1foro se difundir\u00e1 en la conferencia vespertina el pr\u00f3ximo 4 de junio.<\/p>\n<p style=\"text-align: justify;\">M\u00e9xico alcanz\u00f3 este viernes 221 mil 256 muertes y 2 millones 392 mil 744 casos, de acuerdo con la Secretar\u00eda de Salud.<\/p>\n<p style=\"text-align: justify;\"><strong>Estados en sem\u00e1foro amarillo<\/strong><\/p>\n<p style=\"text-align: justify;\">Baja California<br \/>\nBaja California Sur<br \/>\nCampeche<br \/>\nChihuahua<br \/>\nCiudad de M\u00e9xico<br \/>\nColima<br \/>\nEstado de M\u00e9xico<br \/>\nMichoac\u00e1n<br \/>\nNayarit<br \/>\nNuevo Le\u00f3n<br \/>\nPuebla<br \/>\nTabasco<br \/>\nTamaulipas<br \/>\nYucat\u00e1n<br \/>\nZacatecas<\/p>\n<p style=\"text-align: justify;\"><strong>Estados en sem\u00e1foro verde<\/strong><\/p>\n<p style=\"text-align: justify;\">Aguascalientes<br \/>\nChiapas<br \/>\nCoahuila<br \/>\nDurango<br \/>\nGuanajuato<br \/>\nGuerrero<br \/>\nHidalgo<br \/>\nJalisco<br \/>\nMorelos<br \/>\nOaxaca<br \/>\nQuer\u00e9taro<br \/>\nSan Luis Potos\u00ed<br \/>\nSinaloa<br \/>\nSonora<br \/>\nTlaxcala<br \/>\nVeracruz.<\/p>\n","protected":false},"excerpt":{"rendered":"<p>] CIUDAD DE M\u00c9XICO. * 21 de mayo de 2021. ) Latinus. La Secretar\u00eda de Salud anunci\u00f3 este viernes que 16 estados pasar\u00e1n sem\u00e1foro verde a partir de la pr\u00f3xima semana, mientras 15 estar\u00e1n en amarillo y Quintana Roo es la \u00fanica entidad en naranja, el nivel de riesgo alto ante la pandemia de Covid-19&#8230;.<\/p>\n","protected":false},"author":2,"featured_media":1228153,"comment_status":"closed","ping_status":"closed","sticky":false,"template":"","format":"standard","meta":{"footnotes":""},"categories":[1969],"tags":[6705,16424],"class_list":["post-1228152","post","type-post","status-publish","format-standard","has-post-thumbnail","hentry","category-trending","tag-covid19","tag-semaforo-epidemico-nacional"],"_links":{"self":[{"href":"https:\/\/www.acapulcopress.com\/index.php\/wp-json\/wp\/v2\/posts\/1228152","targetHints":{"allow":["GET"]}}],"collection":[{"href":"https:\/\/www.acapulcopress.com\/index.php\/wp-json\/wp\/v2\/posts"}],"about":[{"href":"https:\/\/www.acapulcopress.com\/index.php\/wp-json\/wp\/v2\/types\/post"}],"author":[{"embeddable":true,"href":"https:\/\/www.acapulcopress.com\/index.php\/wp-json\/wp\/v2\/users\/2"}],"replies":[{"embeddable":true,"href":"https:\/\/www.acapulcopress.com\/index.php\/wp-json\/wp\/v2\/comments?post=1228152"}],"version-history":[{"count":0,"href":"https:\/\/www.acapulcopress.com\/index.php\/wp-json\/wp\/v2\/posts\/1228152\/revisions"}],"wp:featuredmedia":[{"embeddable":true,"href":"https:\/\/www.acapulcopress.com\/index.php\/wp-json\/"}],"wp:attachment":[{"href":"https:\/\/www.acapulcopress.com\/index.php\/wp-json\/wp\/v2\/media?parent=1228152"}],"wp:term":[{"taxonomy":"category","embeddable":true,"href":"https:\/\/www.acapulcopress.com\/index.php\/wp-json\/wp\/v2\/categories?post=1228152"},{"taxonomy":"post_tag","embeddable":true,"href":"https:\/\/www.acapulcopress.com\/index.php\/wp-json\/wp\/v2\/tags?post=1228152"}],"curies":[{"name":"wp","href":"https:\/\/api.w.org\/{rel}","templated":true}]}}