{"id":1228158,"date":"2021-05-21T22:47:43","date_gmt":"2021-05-22T03:47:43","guid":{"rendered":"https:\/\/www.acapulco.press\/?p=1228158"},"modified":"2021-05-21T22:47:43","modified_gmt":"2021-05-22T03:47:43","slug":"mexico-acumula-221-mil-256-muertes-por-covid19-y-2-millones-392-mil744-contagios","status":"publish","type":"post","link":"https:\/\/www.acapulcopress.com\/index.php\/2021\/05\/21\/mexico-acumula-221-mil-256-muertes-por-covid19-y-2-millones-392-mil744-contagios\/","title":{"rendered":"M\u00e9xico acumula 221 mil 256 muertes por Covid19 y 2 millones 392 mil744 contagios"},"content":{"rendered":"<p style=\"text-align: justify;\">] CIUDAD DE M\u00c9XICO. * 21 de mayo de 2021.<br \/>\n<em>) <a href=\"https:\/\/www.forbes.com.mx\/mexico-acumula-221256-muertes-por-covid-19-ssa\/\" target=\"_blank\" rel=\"noopener\">Forbes<\/a>.<\/em><\/p>\n<p style=\"text-align: justify;\">La Secretar\u00eda de Salud (Ssa) inform\u00f3 este viernes que en las \u00faltimas 24 horas se reportaron 176 nuevas muertes relacionadas con la pandemia del coronavirus, con lo que el total de fallecimientos subi\u00f3 a 221 mil 256.<\/p>\n<p style=\"text-align: justify;\">En conferencia de prensa, Alethse de la Torre Rosas, directora del Centro Nacional para la Prevenci\u00f3n y Control del VIH\/SIDA, indic\u00f3 que hay 2 millones 579 mil 138 casos estimados en el pa\u00eds, de los cuales 0.7% representa a la epidemia activa, es decir, 18,199 personas.<\/p>\n<p style=\"text-align: justify;\">En cuanto a los casos confirmados, de acuerdo con la dependencia, el pa\u00eds sum\u00f3 2 mil 604 nuevos contagios en el \u00faltimo d\u00eda, por lo que el acumulado es de 2 millones 392 mil744.<\/p>\n<p style=\"text-align: justify;\">Durante el informe t\u00e9cnico diario desde Palacio Nacional, la funcionaria se\u00f1al\u00f3 que 1,911,033 personas se han recuperado del coronavirus.<\/p>\n<p style=\"text-align: justify;\">De la Torre Rosas explic\u00f3 que la ocupaci\u00f3n hospitalaria en camas generales en todo el pa\u00eds es de 11% y en camas con ventilador, del 15%.<\/p>\n<p style=\"text-align: justify;\">Sobre el avance en la inmunizaci\u00f3n, Hugo L\u00f3pez-Gatell, subsecretario de Prevenci\u00f3n y Promoci\u00f3n de la Salud, detall\u00f3 que el jueves 20 de mayo hasta el corte de las 21:00 horas se aplicaron 634,916 vacunas contra el Covid-19, por lo tanto, oficialmente hay un acumulado de 25 millones 626 mil 413 dosis suministradas en M\u00e9xico. La dependencia ahora informa sobre el n\u00famero de dosis aplicadas de acuerdo al corte completo del d\u00eda anterior.<\/p>\n<p style=\"text-align: justify;\">Respecto a los esquemas completos de vacunaci\u00f3n, la dependencia inform\u00f3 que se han aplicado 11 millones 131 mil 624.<\/p>\n","protected":false},"excerpt":{"rendered":"<p>] CIUDAD DE M\u00c9XICO. * 21 de mayo de 2021. ) Forbes. La Secretar\u00eda de Salud (Ssa) inform\u00f3 este viernes que en las \u00faltimas 24 horas se reportaron 176 nuevas muertes relacionadas con la pandemia del coronavirus, con lo que el total de fallecimientos subi\u00f3 a 221 mil 256. En conferencia de prensa, Alethse de&#8230;<\/p>\n","protected":false},"author":2,"featured_media":1228159,"comment_status":"closed","ping_status":"closed","sticky":false,"template":"","format":"standard","meta":{"footnotes":""},"categories":[1969],"tags":[6715],"class_list":["post-1228158","post","type-post","status-publish","format-standard","has-post-thumbnail","hentry","category-trending","tag-covid19-mexico"],"_links":{"self":[{"href":"https:\/\/www.acapulcopress.com\/index.php\/wp-json\/wp\/v2\/posts\/1228158","targetHints":{"allow":["GET"]}}],"collection":[{"href":"https:\/\/www.acapulcopress.com\/index.php\/wp-json\/wp\/v2\/posts"}],"about":[{"href":"https:\/\/www.acapulcopress.com\/index.php\/wp-json\/wp\/v2\/types\/post"}],"author":[{"embeddable":true,"href":"https:\/\/www.acapulcopress.com\/index.php\/wp-json\/wp\/v2\/users\/2"}],"replies":[{"embeddable":true,"href":"https:\/\/www.acapulcopress.com\/index.php\/wp-json\/wp\/v2\/comments?post=1228158"}],"version-history":[{"count":0,"href":"https:\/\/www.acapulcopress.com\/index.php\/wp-json\/wp\/v2\/posts\/1228158\/revisions"}],"wp:featuredmedia":[{"embeddable":true,"href":"https:\/\/www.acapulcopress.com\/index.php\/wp-json\/"}],"wp:attachment":[{"href":"https:\/\/www.acapulcopress.com\/index.php\/wp-json\/wp\/v2\/media?parent=1228158"}],"wp:term":[{"taxonomy":"category","embeddable":true,"href":"https:\/\/www.acapulcopress.com\/index.php\/wp-json\/wp\/v2\/categories?post=1228158"},{"taxonomy":"post_tag","embeddable":true,"href":"https:\/\/www.acapulcopress.com\/index.php\/wp-json\/wp\/v2\/tags?post=1228158"}],"curies":[{"name":"wp","href":"https:\/\/api.w.org\/{rel}","templated":true}]}}