{"id":1228166,"date":"2021-05-24T19:28:50","date_gmt":"2021-05-25T00:28:50","guid":{"rendered":"https:\/\/www.acapulco.press\/?p=1228166"},"modified":"2021-05-24T19:28:50","modified_gmt":"2021-05-25T00:28:50","slug":"repudia-pan-uso-electorero-del-agua-por-adela-roman-para-favorecer-a-morena","status":"publish","type":"post","link":"https:\/\/www.acapulcopress.com\/index.php\/2021\/05\/24\/repudia-pan-uso-electorero-del-agua-por-adela-roman-para-favorecer-a-morena\/","title":{"rendered":"Repudia PAN uso electorero del agua por Adela Rom\u00e1n para favorecer a Morena"},"content":{"rendered":"<p style=\"text-align: justify;\"><strong>\u00bb \u00c1ngel Blanco<\/strong><br \/>\n] ACAPULCO.\u00a0 * 24 de mayo de 2021.<br \/>\n<em>) Acapulco.press.<\/em><\/p>\n<p style=\"text-align: justify;\">Jorge El\u00edas Catal\u00e1n \u00c1vila, presidente del Comit\u00e9 Ejecutivo del Partido Acci\u00f3n Nacional (PAN) en Acapulco, denunci\u00f3 que a la alcaldesa Adela Rom\u00e1n Ocampo no le preocupa el desbasto de agua potable en el municipio y solo la utiliza para hacer proselitismo a favor de Morena, por lo que invit\u00f3 a la ciudadan\u00eda a que el pr\u00f3ximo 6 de junio nadie vote por Morena porque la candidata de este partido, Abelina L\u00f3pez Rodr\u00edguez, no es otra cosa que la continuidad del mal gobierno de la actual presidenta municipal de ese partido.<\/p>\n<p style=\"text-align: justify;\">En conferencia de prensa, el dirigente municipal panista pidi\u00f3 una oportunidad para los candidatos de Acci\u00f3n Nacional ya que estos s\u00ed est\u00e1n preocupados porque el agua potable llegue a todos los acapulque\u00f1os, sin distinciones partidistas.<\/p>\n<figure id=\"attachment_1228177\" aria-describedby=\"caption-attachment-1228177\" style=\"width: 375px\" class=\"wp-caption alignleft\"><img loading=\"lazy\" decoding=\"async\" class=\"wp-image-1228177 size-medium\" src=\"https:\/\/www.acapulco.press\/wp-content\/uploads\/2021\/05\/JORGE-ELIAS-CATALAN-AVILA3-375x500.jpg\" alt=\"\" width=\"375\" height=\"500\" \/><figcaption id=\"caption-attachment-1228177\" class=\"wp-caption-text\"><strong>El\u00edas Catal\u00e1n.<\/strong><\/figcaption><\/figure>\n<p style=\"text-align: justify;\">\u00abNi a Morena, ni a Adela Rom\u00e1n, mucho menos a\u00a0 Abelina L\u00f3pez, les preocupa el desbasto de agua en el municipio\u00bb, subray\u00f3 Catal\u00e1n \u00c1vila. \u00abA Morena, a Abelina y Adela les interesa que Acapulco siga sin agua porque es un tema que ellos est\u00e1n resolviendo mediante pipas pero dirigidas solamente a las personas que son de Morena\u00bb, y eso electoralmente es un delito que podr\u00eda ocasionar una denuncia contra Adela Rom\u00e1n ante la Fiscal\u00eda Especializada en Delitos Electorales del Estado de Guerrero (FEDEGro).<\/p>\n<p style=\"text-align: justify;\">El tema del agua es muy complejo,\u00a0 muy complicado, sin duda; pero si hay la voluntad, si hay la capacidad, y si la alcaldesa se reuniera con personas especializadas en el tema, este problema podr\u00eda resolverse; lamentablemente, Adela Rom\u00e1n est\u00e1 utilizando el problema del agua con fines pol\u00edticos ya que, mientras el servicio de pipas se condiciona a los militantes y simpatizantes de Morena para que voten por Abelina L\u00f3pez, a quienes no pertenecen a Morena cada pipa de agua las est\u00e1n vendiendo hasta en 800 pesos.<\/p>\n<p style=\"text-align: justify;\">Jorge Catal\u00e1n calific\u00f3 de muy grave la acci\u00f3n de Adela Rom\u00e1n en plena pandemia del Covid19, y censur\u00f3 el uso pol\u00edtico que le est\u00e1 dando al vital l\u00edquido.<\/p>\n<p style=\"text-align: justify;\">Cit\u00f3 que ha habido propuestas muy positivas de empresas privadas a la alcaldesa para resolver el problema de desabasto de agua en Acapulco, pero Adela Rom\u00e1n ha optado por darle m\u00e1s importancia a sus intereses pol\u00edticos que a las necesidades de los acapulque\u00f1os.<\/p>\n<p style=\"text-align: justify;\"><img loading=\"lazy\" decoding=\"async\" class=\"alignleft size-medium wp-image-1228168\" src=\"https:\/\/www.acapulco.press\/wp-content\/uploads\/2021\/05\/CONFERENCIA-PAN-375x281.jpg\" alt=\"\" width=\"375\" height=\"281\" \/>Algunos empresarios le han propuesto sanear completamente CAPAMA a cambio de una concesi\u00f3n de tres a\u00f1os, tiempo en el que le entregar\u00edan \u00edntegramente los recursos que le genera la dependencia a cambio de las ganancias obtenidas por la concesi\u00f3n, pero Adela Rom\u00e1n se preocup\u00f3 m\u00e1s por ser gobernadora, luego por reelegirse y finalmente por conseguirle una diputaci\u00f3n local a su sobrina (Adriana Rom\u00e1n, ex presidenta del DIF municipal). Esas han sido sus principales preocupaciones mientras los acapulque\u00f1os han quedado en el completo olvido.<\/p>\n<p style=\"text-align: justify;\">Ahora le preocupa que Abelina de continuidad a su gobierno, por eso sigue empe\u00f1ada en hacer proselitismo por Morena a costa de la salud de los acapulque\u00f1os, por tal motivo, Jorge El\u00edas Catal\u00e1n \u00c1vila reiter\u00f3 su llamado a los ciudadanos acapulque\u00f1os a que razonen su voto el d\u00eda 6 de junio y emitan un voto de castigo para Morena y consideren a los candidatos del Partido Acci\u00f3n Nacional, quienes han comprometido a avocarse cien por ciento tanto en sus iniciativas legislativas como en sus proyectos de gobierno municipal a resolver el tema del agua a cabalidad.<\/p>\n<p style=\"text-align: justify;\">Para finalizar, el dirigente panista, que se hizo acompa\u00f1ar en la conferencia de prensa por Norberto Cornejo, candidato a diputado local por el Distrito 6 de Acapulco y otros miembros del partido, suscribi\u00f3 que a Morena no le preocupa nada el pueblo, por eso debe ser castigada el pr\u00f3ximo 6 de junio. \u00abHago un llamado respetuoso a los ciudadanos para que voten por los candidatos de Acci\u00f3n Nacional;\u00a0para que razonen su voto y nos den la oportunidad de poder gobernar este municipio y tambi\u00e9n el Estado de Guerrero\u00bb, concluy\u00f3.<\/p>\n<p style=\"text-align: justify;\"><code><iframe loading=\"lazy\" style=\"border: none; overflow: hidden;\" src=\"https:\/\/www.facebook.com\/plugins\/video.php?height=314&amp;href=https%3A%2F%2Fwww.facebook.com%2Fangelblanco.press%2Fvideos%2F2891873834406606%2F&amp;show_text=false&amp;width=560\" width=\"560\" height=\"314\" frameborder=\"0\" scrolling=\"no\" allowfullscreen=\"allowfullscreen\"><\/iframe><\/code><br \/>\nwww.<strong>acapulco.press<\/strong><\/p>\n","protected":false},"excerpt":{"rendered":"<p>\u00bb \u00c1ngel Blanco ] ACAPULCO.\u00a0 * 24 de mayo de 2021. ) Acapulco.press. Jorge El\u00edas Catal\u00e1n \u00c1vila, presidente del Comit\u00e9 Ejecutivo del Partido Acci\u00f3n Nacional (PAN) en Acapulco, denunci\u00f3 que a la alcaldesa Adela Rom\u00e1n Ocampo no le preocupa el desbasto de agua potable en el municipio y solo la utiliza para hacer proselitismo a&#8230;<\/p>\n","protected":false},"author":2,"featured_media":1228173,"comment_status":"closed","ping_status":"closed","sticky":false,"template":"","format":"standard","meta":{"footnotes":""},"categories":[1972,18577],"tags":[3257,5112,10897,14269],"class_list":["post-1228166","post","type-post","status-publish","format-standard","has-post-thumbnail","hentry","category-special","category-politica-la-foto","tag-adela-roman-ocampo","tag-capama","tag-jorge-elias-catalan-avila","tag-partido-accion-nacional-pan"],"_links":{"self":[{"href":"https:\/\/www.acapulcopress.com\/index.php\/wp-json\/wp\/v2\/posts\/1228166","targetHints":{"allow":["GET"]}}],"collection":[{"href":"https:\/\/www.acapulcopress.com\/index.php\/wp-json\/wp\/v2\/posts"}],"about":[{"href":"https:\/\/www.acapulcopress.com\/index.php\/wp-json\/wp\/v2\/types\/post"}],"author":[{"embeddable":true,"href":"https:\/\/www.acapulcopress.com\/index.php\/wp-json\/wp\/v2\/users\/2"}],"replies":[{"embeddable":true,"href":"https:\/\/www.acapulcopress.com\/index.php\/wp-json\/wp\/v2\/comments?post=1228166"}],"version-history":[{"count":0,"href":"https:\/\/www.acapulcopress.com\/index.php\/wp-json\/wp\/v2\/posts\/1228166\/revisions"}],"wp:featuredmedia":[{"embeddable":true,"href":"https:\/\/www.acapulcopress.com\/index.php\/wp-json\/"}],"wp:attachment":[{"href":"https:\/\/www.acapulcopress.com\/index.php\/wp-json\/wp\/v2\/media?parent=1228166"}],"wp:term":[{"taxonomy":"category","embeddable":true,"href":"https:\/\/www.acapulcopress.com\/index.php\/wp-json\/wp\/v2\/categories?post=1228166"},{"taxonomy":"post_tag","embeddable":true,"href":"https:\/\/www.acapulcopress.com\/index.php\/wp-json\/wp\/v2\/tags?post=1228166"}],"curies":[{"name":"wp","href":"https:\/\/api.w.org\/{rel}","templated":true}]}}