{"id":1228185,"date":"2021-05-24T21:02:25","date_gmt":"2021-05-25T02:02:25","guid":{"rendered":"https:\/\/www.acapulco.press\/?p=1228185"},"modified":"2021-05-24T21:02:25","modified_gmt":"2021-05-25T02:02:25","slug":"vamos-a-ganar-contundentemente-dice-mario-a-campesinos-y-ganaderos-cutzamala-y-zirandaro","status":"publish","type":"post","link":"https:\/\/www.acapulcopress.com\/index.php\/2021\/05\/24\/vamos-a-ganar-contundentemente-dice-mario-a-campesinos-y-ganaderos-cutzamala-y-zirandaro\/","title":{"rendered":"\u00abVamos a ganar contundentemente\u00bb, dice Mario a campesinos y ganaderos de Cutzamala y Zir\u00e1ndaro"},"content":{"rendered":"<p style=\"text-align: justify;\">] CUTZAMALA DE PINZ\u00d3N. * 24 de mayo de 2021.<br \/>\n<em>) Especial.<\/em><\/p>\n<p style=\"text-align: justify;\">\u00abHoy esta alianza que encabeza Mario Moreno ha ido consolid\u00e1ndose, ha avanzado, hoy les puedo decir a catorce d\u00edas de la elecci\u00f3n que vamos a ganar de manera contundente\u00bb dijo el candidato de la alianza PRI-PRD, lo que le fue <img loading=\"lazy\" decoding=\"async\" class=\"alignleft size-medium wp-image-1228188\" src=\"https:\/\/www.acapulco.press\/wp-content\/uploads\/2021\/05\/CUTZAMALA3-375x250.jpg\" alt=\"\" width=\"375\" height=\"250\" \/>confirmado por los cientos de calentanos que se reunieron para afirmarle el apoyo para el 6 de junio pr\u00f3ximo.<\/p>\n<p style=\"text-align: justify;\">Moreno Arcos encabez\u00f3 este lunes un multitudinario cierre de campa\u00f1a en Cutzamala, donde reiter\u00f3 que trabajar\u00e1 para impulsar fuertemente la agricultura: \u00abLa idea es que podamos hacer de esta zona de la Tierra Caliente, un granero del estado\u00bb apunt\u00f3.<\/p>\n<p style=\"text-align: justify;\">Indic\u00f3 que hace falta completar la cadena productiva, por lo que \u00abMario Moreno se compromete con mis amigas y amigos que hoy est\u00e1n impulsando el tema del lim\u00f3n, el mango, para <img loading=\"lazy\" decoding=\"async\" class=\"alignleft size-medium wp-image-1228190\" src=\"https:\/\/www.acapulco.press\/wp-content\/uploads\/2021\/05\/CUTZAMALA5-375x250.jpg\" alt=\"\" width=\"375\" height=\"250\" \/>que podamos certificar todos los productos y que podamos meternos al mercado nacional, inclusive al mercado internacional, pero lo m\u00e1s importante, que los empleos se queden aqu\u00ed\u00bb.<\/p>\n<p style=\"text-align: justify;\">\u00abSoy hijo de campesinos, s\u00e9 del campo, s\u00e9 de lo que estoy hablando, s\u00e9 el potencial que se tiene en la agricultura y la ganader\u00eda aqu\u00ed en la Tierra Caliente actividades a las que habremos de darle todo el apoyo\u00bb les dijo.<\/p>\n<p style=\"text-align: justify;\">Acompa\u00f1ado de Rosita Jaimes L\u00f3pez, candidata a la presidencia de Cutzamala por la coalici\u00f3n Va por Guerrero, <img loading=\"lazy\" decoding=\"async\" class=\"alignleft size-medium wp-image-1228186\" src=\"https:\/\/www.acapulco.press\/wp-content\/uploads\/2021\/05\/CUTZAMALA-375x250.jpg\" alt=\"\" width=\"375\" height=\"250\" \/>quien le dijo que sin duda ser\u00e1 el pr\u00f3ximo gobernador de Guerrero, Mario Moreno se\u00f1al\u00f3 que habr\u00e1n de construir la unidad deportiva para los j\u00f3venes y atender la solicitud de un muelle para los pescadores, como le externaron.<\/p>\n<p style=\"text-align: justify;\">Reynel Rodr\u00edguez, candidato a diputado federal por el distrito 01, quien le acompa\u00f1\u00f3, les pidi\u00f3 a los reunidos en Cutzamala acudir a votar el pr\u00f3ximo 6 de junio y hacerlo por el mejor candidato que es Mario Moreno, pero tambi\u00e9n por los abanderados de la alianza PRI-PRD, con lo que se lograr\u00e1 que los programas sociales vuelvan y lleguen los apoyos de beneficio para la ciudadan\u00eda.<\/p>\n<p style=\"text-align: justify;\"><img loading=\"lazy\" decoding=\"async\" class=\"alignleft size-medium wp-image-1228191\" src=\"https:\/\/www.acapulco.press\/wp-content\/uploads\/2021\/05\/CUTZAMALA6-375x250.jpg\" alt=\"\" width=\"375\" height=\"250\" \/>En Zir\u00e1ndaro de los Ch\u00e1vez, frente a los campesinos y ganaderos, Mario Moreno replic\u00f3 la propuesta de tecnificar el campo con la introducci\u00f3n de tractores, semilla mejorada, paquetes tecnol\u00f3gicos, fertilizante gratis y fortalecer los servicios p\u00fablicos para las comunidades, adem\u00e1s de su compromiso de regresar los programas sociales a las familias de la regi\u00f3n, y promover el uso de energ\u00edas limpias en el campo para proteger el ecosistema.<\/p>\n<p style=\"text-align: justify;\">\u00abSoy un hombre de territorio, un hombre que trabaja a ras de piso y que voy a caminar con todos ustedes; vamos a construir un mejor Guerrero\u00bb puntualiz\u00f3, lo que le fue aplaudido mientras le gritaban \u201cMario gobernador, Mario gobernador\u201d.<\/p>\n<p style=\"text-align: justify;\">En esta visita le acompa\u00f1aron adem\u00e1s del candidato a diputado federal Reynel Rodr\u00edguez Mu\u00f1oz, los candidatos a diputados locales Elzy Camacho y Adolfo Torales Catal\u00e1n; Homero Torres candidato a presidente municipal de Zir\u00e1ndaro y Rosita Jaimes, candidata a la presidencia de Cutzamala.<\/p>\n<p><img loading=\"lazy\" decoding=\"async\" class=\"alignnone wp-image-1228193 size-large\" src=\"https:\/\/www.acapulco.press\/wp-content\/uploads\/2021\/05\/CUTZAMALA8-840x560.jpg\" alt=\"\" width=\"840\" height=\"560\" \/><\/p>\n","protected":false},"excerpt":{"rendered":"<p>] CUTZAMALA DE PINZ\u00d3N. * 24 de mayo de 2021. ) Especial. \u00abHoy esta alianza que encabeza Mario Moreno ha ido consolid\u00e1ndose, ha avanzado, hoy les puedo decir a catorce d\u00edas de la elecci\u00f3n que vamos a ganar de manera contundente\u00bb dijo el candidato de la alianza PRI-PRD, lo que le fue confirmado por los&#8230;<\/p>\n","protected":false},"author":2,"featured_media":1228189,"comment_status":"closed","ping_status":"closed","sticky":false,"template":"","format":"standard","meta":{"footnotes":""},"categories":[2052,18561],"tags":[3684,4246,5928,9302,12685,15511],"class_list":["post-1228185","post","type-post","status-publish","format-standard","has-post-thumbnail","hentry","category-elecciones","category-society-politics","tag-alianza-pri-prd-guerrero-2021","tag-asi-gana-guerrero","tag-coalicion-va-por-guerrero","tag-gobierno-de-guerrero","tag-mario-moreno-arcos","tag-respeto-por-guerrero"],"_links":{"self":[{"href":"https:\/\/www.acapulcopress.com\/index.php\/wp-json\/wp\/v2\/posts\/1228185","targetHints":{"allow":["GET"]}}],"collection":[{"href":"https:\/\/www.acapulcopress.com\/index.php\/wp-json\/wp\/v2\/posts"}],"about":[{"href":"https:\/\/www.acapulcopress.com\/index.php\/wp-json\/wp\/v2\/types\/post"}],"author":[{"embeddable":true,"href":"https:\/\/www.acapulcopress.com\/index.php\/wp-json\/wp\/v2\/users\/2"}],"replies":[{"embeddable":true,"href":"https:\/\/www.acapulcopress.com\/index.php\/wp-json\/wp\/v2\/comments?post=1228185"}],"version-history":[{"count":0,"href":"https:\/\/www.acapulcopress.com\/index.php\/wp-json\/wp\/v2\/posts\/1228185\/revisions"}],"wp:featuredmedia":[{"embeddable":true,"href":"https:\/\/www.acapulcopress.com\/index.php\/wp-json\/"}],"wp:attachment":[{"href":"https:\/\/www.acapulcopress.com\/index.php\/wp-json\/wp\/v2\/media?parent=1228185"}],"wp:term":[{"taxonomy":"category","embeddable":true,"href":"https:\/\/www.acapulcopress.com\/index.php\/wp-json\/wp\/v2\/categories?post=1228185"},{"taxonomy":"post_tag","embeddable":true,"href":"https:\/\/www.acapulcopress.com\/index.php\/wp-json\/wp\/v2\/tags?post=1228185"}],"curies":[{"name":"wp","href":"https:\/\/api.w.org\/{rel}","templated":true}]}}