{"id":1228251,"date":"2021-05-24T22:59:30","date_gmt":"2021-05-25T03:59:30","guid":{"rendered":"https:\/\/www.acapulco.press\/?p=1228251"},"modified":"2021-05-24T22:59:30","modified_gmt":"2021-05-25T03:59:30","slug":"gobernador-astudillo-recibe-en-audiencia-a-nueva-presidenta-de-derechos-humanos","status":"publish","type":"post","link":"https:\/\/www.acapulcopress.com\/index.php\/2021\/05\/24\/gobernador-astudillo-recibe-en-audiencia-a-nueva-presidenta-de-derechos-humanos\/","title":{"rendered":"Gobernador Astudillo recibe en audiencia a nueva presidenta de Derechos Humanos"},"content":{"rendered":"<p>] CHILPANCINGO. * 24 de mayo de 2021.<br \/>\n) Gobierno de Guerrero.<\/p>\n<p style=\"text-align: justify;\">El gobernador H\u00e9ctor Astudillo Flores se reuni\u00f3 con la nueva presidenta de la Comisi\u00f3n de Derechos Humanos del Estado de Guerrero, Cecilia Narciso Gayt\u00e1n, a quien expres\u00f3 su disposici\u00f3n de continuar privilegiando el di\u00e1logo y trabajar para garantizar los derechos humanos de las y los guerrerenses.<\/p>\n","protected":false},"excerpt":{"rendered":"<p>] CHILPANCINGO. * 24 de mayo de 2021. ) Gobierno de Guerrero. El gobernador H\u00e9ctor Astudillo Flores se reuni\u00f3 con la nueva presidenta de la Comisi\u00f3n de Derechos Humanos del Estado de Guerrero, Cecilia Narciso Gayt\u00e1n, a quien expres\u00f3 su disposici\u00f3n de continuar privilegiando el di\u00e1logo y trabajar para garantizar los derechos humanos de las&#8230;<\/p>\n","protected":false},"author":2,"featured_media":1228252,"comment_status":"closed","ping_status":"closed","sticky":false,"template":"","format":"standard","meta":{"footnotes":""},"categories":[18573,1983],"tags":[5424,6094,6705,9302,9705,16426],"class_list":["post-1228251","post","type-post","status-publish","format-standard","has-post-thumbnail","hentry","category-goverment","category-guerrerogob","tag-cecilia-narciso-gaytan","tag-comision-de-derechos-humanos-del-estado-de-guerrero-cdheg","tag-covid19","tag-gobierno-de-guerrero","tag-hector-astudillo-flores","tag-semaforo-epidemiologico-covid19"],"_links":{"self":[{"href":"https:\/\/www.acapulcopress.com\/index.php\/wp-json\/wp\/v2\/posts\/1228251","targetHints":{"allow":["GET"]}}],"collection":[{"href":"https:\/\/www.acapulcopress.com\/index.php\/wp-json\/wp\/v2\/posts"}],"about":[{"href":"https:\/\/www.acapulcopress.com\/index.php\/wp-json\/wp\/v2\/types\/post"}],"author":[{"embeddable":true,"href":"https:\/\/www.acapulcopress.com\/index.php\/wp-json\/wp\/v2\/users\/2"}],"replies":[{"embeddable":true,"href":"https:\/\/www.acapulcopress.com\/index.php\/wp-json\/wp\/v2\/comments?post=1228251"}],"version-history":[{"count":0,"href":"https:\/\/www.acapulcopress.com\/index.php\/wp-json\/wp\/v2\/posts\/1228251\/revisions"}],"wp:featuredmedia":[{"embeddable":true,"href":"https:\/\/www.acapulcopress.com\/index.php\/wp-json\/"}],"wp:attachment":[{"href":"https:\/\/www.acapulcopress.com\/index.php\/wp-json\/wp\/v2\/media?parent=1228251"}],"wp:term":[{"taxonomy":"category","embeddable":true,"href":"https:\/\/www.acapulcopress.com\/index.php\/wp-json\/wp\/v2\/categories?post=1228251"},{"taxonomy":"post_tag","embeddable":true,"href":"https:\/\/www.acapulcopress.com\/index.php\/wp-json\/wp\/v2\/tags?post=1228251"}],"curies":[{"name":"wp","href":"https:\/\/api.w.org\/{rel}","templated":true}]}}