{"id":1228257,"date":"2021-05-24T23:10:41","date_gmt":"2021-05-25T04:10:41","guid":{"rendered":"https:\/\/www.acapulco.press\/?p=1228257"},"modified":"2021-05-24T23:10:41","modified_gmt":"2021-05-25T04:10:41","slug":"encabeza-gobernador-evaluacion-de-acciones-de-seguridad-en-acapulco","status":"publish","type":"post","link":"https:\/\/www.acapulcopress.com\/index.php\/2021\/05\/24\/encabeza-gobernador-evaluacion-de-acciones-de-seguridad-en-acapulco\/","title":{"rendered":"Encabeza Gobernador evaluaci\u00f3n de acciones de seguridad en Acapulco"},"content":{"rendered":"<p>] ACAPULCO. * 24 de mayo de 2021.<br \/>\n<em>) Gobierno de Guerrero.<\/em><\/p>\n<p style=\"text-align: justify;\">Con la finalidad de evaluar y reforzar las acciones de seguridad en el municipio de Acapulco, el gobernador H\u00e9ctor Astudillo Flores, sostuvo una reuni\u00f3n extraordinaria con el Comandante de la Novena Regi\u00f3n Militar, Eufemio Ibarra Flores, el Comandante de la Octava Regi\u00f3n Naval Militar, Julio C\u00e9sar Pescina \u00c1vila y el Coordinador Estatal de la Guardia Nacional, Lucio Vergara G\u00f3mez, asistieron tambi\u00e9n el Fiscal General del Estado, Jorge Zuriel de los Santos Barrila y el Secretario de Seguridad P\u00fablica, David Portillo Menchaca.<\/p>\n","protected":false},"excerpt":{"rendered":"<p>] ACAPULCO. * 24 de mayo de 2021. ) Gobierno de Guerrero. Con la finalidad de evaluar y reforzar las acciones de seguridad en el municipio de Acapulco, el gobernador H\u00e9ctor Astudillo Flores, sostuvo una reuni\u00f3n extraordinaria con el Comandante de la Novena Regi\u00f3n Militar, Eufemio Ibarra Flores, el Comandante de la Octava Regi\u00f3n Naval&#8230;<\/p>\n","protected":false},"author":2,"featured_media":1228258,"comment_status":"closed","ping_status":"closed","sticky":false,"template":"","format":"standard","meta":{"footnotes":""},"categories":[18573,1983],"tags":[8709,9302,9705,10946],"class_list":["post-1228257","post","type-post","status-publish","format-standard","has-post-thumbnail","hentry","category-goverment","category-guerrerogob","tag-fiscalia-general-del-estado-e-guerrero-fgegro","tag-gobierno-de-guerrero","tag-hector-astudillo-flores","tag-jorge-zuriel-de-los-santos-barrila"],"_links":{"self":[{"href":"https:\/\/www.acapulcopress.com\/index.php\/wp-json\/wp\/v2\/posts\/1228257","targetHints":{"allow":["GET"]}}],"collection":[{"href":"https:\/\/www.acapulcopress.com\/index.php\/wp-json\/wp\/v2\/posts"}],"about":[{"href":"https:\/\/www.acapulcopress.com\/index.php\/wp-json\/wp\/v2\/types\/post"}],"author":[{"embeddable":true,"href":"https:\/\/www.acapulcopress.com\/index.php\/wp-json\/wp\/v2\/users\/2"}],"replies":[{"embeddable":true,"href":"https:\/\/www.acapulcopress.com\/index.php\/wp-json\/wp\/v2\/comments?post=1228257"}],"version-history":[{"count":0,"href":"https:\/\/www.acapulcopress.com\/index.php\/wp-json\/wp\/v2\/posts\/1228257\/revisions"}],"wp:featuredmedia":[{"embeddable":true,"href":"https:\/\/www.acapulcopress.com\/index.php\/wp-json\/"}],"wp:attachment":[{"href":"https:\/\/www.acapulcopress.com\/index.php\/wp-json\/wp\/v2\/media?parent=1228257"}],"wp:term":[{"taxonomy":"category","embeddable":true,"href":"https:\/\/www.acapulcopress.com\/index.php\/wp-json\/wp\/v2\/categories?post=1228257"},{"taxonomy":"post_tag","embeddable":true,"href":"https:\/\/www.acapulcopress.com\/index.php\/wp-json\/wp\/v2\/tags?post=1228257"}],"curies":[{"name":"wp","href":"https:\/\/api.w.org\/{rel}","templated":true}]}}