{"id":1228263,"date":"2021-05-24T23:27:39","date_gmt":"2021-05-25T04:27:39","guid":{"rendered":"https:\/\/www.acapulco.press\/?p=1228263"},"modified":"2021-05-24T23:27:39","modified_gmt":"2021-05-25T04:27:39","slug":"primero-mantenernos-en-semaforo-verde-luego-regreso-a-clases-astudillo","status":"publish","type":"post","link":"https:\/\/www.acapulcopress.com\/index.php\/2021\/05\/24\/primero-mantenernos-en-semaforo-verde-luego-regreso-a-clases-astudillo\/","title":{"rendered":"Primero, mantenernos en sem\u00e1foro verde; luego, regreso a clases | Astudillo"},"content":{"rendered":"<p style=\"text-align: justify;\">* Se instruy\u00f3 a la SEG para realizar un diagn\u00f3stico de c\u00f3mo se encuentran los centros escolares<br \/>\n* Aunque hay bajo riesgo, la pandemia sigue, por eso es importante seguirnos cuidando, se\u00f1ala el mandatario<\/p>\n<p>] ACAPULCO. * 24 de mayo de 2021.<br \/>\n<em>) Gobierno de Guerrero.<\/em><\/p>\n<p style=\"text-align: justify;\">Debemos cuidar que nos podamos mantener en sem\u00e1foro verde y as\u00ed poder tener certeza para establecer una fecha concreta para el regreso a clases, se\u00f1al\u00f3 el gobernador H\u00e9ctor Astudillo Flores, quien dijo que es muy importante <img loading=\"lazy\" decoding=\"async\" class=\"alignleft size-medium wp-image-1228265\" src=\"https:\/\/www.acapulco.press\/wp-content\/uploads\/2021\/05\/gro-verde2-375x211.jpg\" alt=\"\" width=\"375\" height=\"211\" \/>que la ciudadan\u00eda siga trabajando para continuar en los par\u00e1metros de bajo riesgo de contagio.<\/p>\n<p>Durante la transmisi\u00f3n 388 desde las instalaciones de la Novena Regi\u00f3n Militar, el mandatario estatal detall\u00f3 que ante este panorama le instruy\u00f3 al secretario de Educaci\u00f3n Guerrero, Heriberto Huicochea V\u00e1zquez para que prepare un diagn\u00f3stico en torno a los planteles que sufrieron alguna afectaci\u00f3n en su patrimonio o equipo, para poder saber las acciones a realizar.<\/p>\n<p>\u201cEl tema del regreso a las clases, lo hemos abordado y lo reitero, lo que debemos de cuidar es mantenernos en sem\u00e1foro verde. Para poder tener certeza para el regreso a clases, hay que observar qu\u00e9 sucedi\u00f3 en Nayarit y en <img loading=\"lazy\" decoding=\"async\" class=\"alignleft size-medium wp-image-1228266\" src=\"https:\/\/www.acapulco.press\/wp-content\/uploads\/2021\/05\/gro-verde3-375x211.jpg\" alt=\"\" width=\"375\" height=\"211\" \/>Campeche, ya estaban en un proceso de regreso a clases, se cambi\u00f3 el sem\u00e1foro de verde a amarillo y pararon todo el regreso a clases. Lo que nosotros queremos es tener certeza para poder regresar o anunciar la fecha concreta para el regreso a clases\u201d, se\u00f1al\u00f3.<\/p>\n<p>Luego de haber sostenido una reuni\u00f3n en relaci\u00f3n a temas de seguridad y avances en el Plan Nacional de Vacunaci\u00f3n, Astudillo Flores insisti\u00f3 en que es muy importante que se sigan aplicando todos los protocolos sanitarios para continuar en esta ruta con indicadores de Covid a la baja, recordando que la pandemia a\u00fan est\u00e1 presente. En este mismo sentido reconoci\u00f3 la participaci\u00f3n de las distintas instituciones del Sector Salud, la Secretar\u00eda de la Defensa Nacional, la Secretar\u00eda de Marina, las instituciones educativas y todos los voluntarios que han participado en la tarea de vacunaci\u00f3n para los guerrerenses.<\/p>\n<p>Dijo que en el panorama actual, en el que se mantienen indicadores bajos en cuanto a la ocupaci\u00f3n hospitalaria -en donde de cada 10 camas 1.5 se encuentran ocupadas-, el tema de la vacunaci\u00f3n, los acciones preventivas, los protocolos sanitarios y dem\u00e1s acciones conjuntas, han jugado un papel relevante. En este sentido destac\u00f3 que gracias a todo esto, se comienza el camino a la reactivaci\u00f3n con eventos como L\u2019\u00c9tapa Acapulco del Tour de France y el Ironman, que con todas las medidas sanitarias y luego de 18 meses nuevamente se realizaron actividades de nivel internacional.<\/p>\n<p>En su participaci\u00f3n, el delegado en Guerrero de los programas federales, Iv\u00e1n Hern\u00e1ndez hizo hincapi\u00e9 en que este lunes se est\u00e1 aplicando el Programa Nacional de Vacunaci\u00f3n en 22 municipios de las regiones Costa Chica y Tierra Caliente, en 28 puntos. La meta es inocular a alrededor de 40 mil guerrerenses de entre 50 y 59 a\u00f1os en su primera dosis, as\u00ed como a mujeres embarazadas. Tambi\u00e9n destac\u00f3 la participaci\u00f3n y coordinaci\u00f3n que ha permitido tener jornadas exitosas.<\/p>\n<p>En tanto que el secretario de Salud, Carlos de la Pe\u00f1a Pintos reafirm\u00f3 que los indicadores de Covid se mantienen a la baja y que el trabajo en conjunto permiti\u00f3 que luego de 12 semanas en amarillo, Guerrero pasara a color verde. En cuanto a los indicadores dijo que hay 5 nuevos casos; hay 316 activos y 109 personas hospitalizadas, lo que marca una baja en estos rubros.<\/p>\n<p>Las defunciones tambi\u00e9n mantienen esta tendencia con 5.3 decesos diarios en promedio en lo que va del mes de mayo y se presenta una ocupaci\u00f3n hospitalaria de 18 por ciento.<\/p>\n","protected":false},"excerpt":{"rendered":"<p>* Se instruy\u00f3 a la SEG para realizar un diagn\u00f3stico de c\u00f3mo se encuentran los centros escolares * Aunque hay bajo riesgo, la pandemia sigue, por eso es importante seguirnos cuidando, se\u00f1ala el mandatario ] ACAPULCO. * 24 de mayo de 2021. ) Gobierno de Guerrero. Debemos cuidar que nos podamos mantener en sem\u00e1foro verde&#8230;<\/p>\n","protected":false},"author":2,"featured_media":1228264,"comment_status":"closed","ping_status":"closed","sticky":false,"template":"","format":"standard","meta":{"footnotes":""},"categories":[1972,18574],"tags":[],"class_list":["post-1228263","post","type-post","status-publish","format-standard","has-post-thumbnail","hentry","category-special","category-gobierno-la-foto"],"_links":{"self":[{"href":"https:\/\/www.acapulcopress.com\/index.php\/wp-json\/wp\/v2\/posts\/1228263","targetHints":{"allow":["GET"]}}],"collection":[{"href":"https:\/\/www.acapulcopress.com\/index.php\/wp-json\/wp\/v2\/posts"}],"about":[{"href":"https:\/\/www.acapulcopress.com\/index.php\/wp-json\/wp\/v2\/types\/post"}],"author":[{"embeddable":true,"href":"https:\/\/www.acapulcopress.com\/index.php\/wp-json\/wp\/v2\/users\/2"}],"replies":[{"embeddable":true,"href":"https:\/\/www.acapulcopress.com\/index.php\/wp-json\/wp\/v2\/comments?post=1228263"}],"version-history":[{"count":0,"href":"https:\/\/www.acapulcopress.com\/index.php\/wp-json\/wp\/v2\/posts\/1228263\/revisions"}],"wp:featuredmedia":[{"embeddable":true,"href":"https:\/\/www.acapulcopress.com\/index.php\/wp-json\/"}],"wp:attachment":[{"href":"https:\/\/www.acapulcopress.com\/index.php\/wp-json\/wp\/v2\/media?parent=1228263"}],"wp:term":[{"taxonomy":"category","embeddable":true,"href":"https:\/\/www.acapulcopress.com\/index.php\/wp-json\/wp\/v2\/categories?post=1228263"},{"taxonomy":"post_tag","embeddable":true,"href":"https:\/\/www.acapulcopress.com\/index.php\/wp-json\/wp\/v2\/tags?post=1228263"}],"curies":[{"name":"wp","href":"https:\/\/api.w.org\/{rel}","templated":true}]}}