{"id":1228272,"date":"2021-05-25T00:06:49","date_gmt":"2021-05-25T05:06:49","guid":{"rendered":"https:\/\/www.acapulco.press\/?p=1228272"},"modified":"2021-05-25T00:06:49","modified_gmt":"2021-05-25T05:06:49","slug":"angel-irra-fraude-fraude-fraude","status":"publish","type":"post","link":"https:\/\/www.acapulcopress.com\/index.php\/2021\/05\/25\/angel-irra-fraude-fraude-fraude\/","title":{"rendered":"\u00c1ngel Irra | \u00a1Fraude, fraude, fraude!"},"content":{"rendered":"<p style=\"text-align: justify;\">Un Rapid\u00edn<br \/>\n] Con <strong>\u00c1ngel Irra Carceda<\/strong><br \/>\n<em>| angelirracar@hotmail.com.<\/em><\/p>\n<p style=\"text-align: justify;\">Son ecos electorales del pasado fin de semana en la comunidad de Mazatl\u00e1n, municipio de Chilpancingo.<\/p>\n<p style=\"text-align: justify;\"><img loading=\"lazy\" decoding=\"async\" class=\"alignleft size-medium wp-image-1228275\" src=\"https:\/\/www.acapulco.press\/wp-content\/uploads\/2021\/05\/irra-fraude3-375x542.jpg\" alt=\"\" width=\"375\" height=\"542\" \/>Son los dos lados de una moneda que, obviamente, se mantiene en lo alto de este ambiente electoral.<\/p>\n<p style=\"text-align: justify;\">La moneda caer\u00e1 con todo su peso al suelo el domingo seis de junio, y definir\u00e1 muchas cosas, no solo a nivel estatal, sino nacional.<\/p>\n<p style=\"text-align: justify;\">El fin de semana en Mazatl\u00e1n, muy cercana a la ciudad capital de Guerrero, se observ\u00f3 lo que se viene palpando en las dem\u00e1s zonas del estado: La gran diferencia entre las dos fuerzas m\u00e1s importantes en esta contienda: PRI-PRD y Morena.<\/p>\n<p style=\"text-align: justify;\">Ah\u00ed, el s\u00e1bado, los mazatlecos y vecinos de lugares circunvecinos se congregaron en varios miles para recibir, respaldar y aclamar al ariete de la Alianza PRI-PRD a la gubernatura, Mario Moreno Arcos.<\/p>\n<p style=\"text-align: justify;\">Creo, sinceramente, que ha sido, hasta ahora, el mejor evento proselitista de esta Alianza y su candidato en un terreno rural, sin menospreciar a otras concentraciones muy buenas a lo largo de esta campa\u00f1a en estas zonas.<br \/>\nEl ambiente de la victoria adelantada contrast\u00f3 con el que se vivi\u00f3 un d\u00eda despu\u00e9s, el domingo, con la visita del frustrado aspirante a la gubernatura por Morena, F\u00e9lix Salgado <img loading=\"lazy\" decoding=\"async\" class=\"alignleft size-medium wp-image-1228277\" src=\"https:\/\/www.acapulco.press\/wp-content\/uploads\/2021\/05\/irra-fraude5-375x173.jpg\" alt=\"\" width=\"375\" height=\"173\" \/>Macedonio.<\/p>\n<p style=\"text-align: justify;\">Fue acompa\u00f1ado por la aspirante de Morena a la Alcald\u00eda de Chilpancingo. Insisto, a la misma comunidad, al mismo lugar. Y no les result\u00f3, ante la casi nula concurrencia, mandar a llevar seguidores de Chilpancingo a Mazatl\u00e1n.<\/p>\n<p style=\"text-align: justify;\">Las grandes diferencias se han marcado durante la campa\u00f1a. De ah\u00ed que ahora griten, por adelantado: \u00a1fraude, fraude, fraude!<\/p>\n<p style=\"text-align: justify;\">Las grandes diferencias en las im\u00e1genes de ambos eventos, el del s\u00e1bado y el domingo, no se pueden borrar.<\/p>\n<p style=\"text-align: justify;\"><img loading=\"lazy\" decoding=\"async\" class=\"alignnone wp-image-1228276 \" src=\"https:\/\/www.acapulco.press\/wp-content\/uploads\/2021\/05\/irra-fraude4.jpg\" alt=\"\" width=\"822\" height=\"370\" \/><\/p>\n","protected":false},"excerpt":{"rendered":"<p>Un Rapid\u00edn ] Con \u00c1ngel Irra Carceda | angelirracar@hotmail.com. Son ecos electorales del pasado fin de semana en la comunidad de Mazatl\u00e1n, municipio de Chilpancingo. Son los dos lados de una moneda que, obviamente, se mantiene en lo alto de este ambiente electoral. La moneda caer\u00e1 con todo su peso al suelo el domingo seis&#8230;<\/p>\n","protected":false},"author":2,"featured_media":1228273,"comment_status":"closed","ping_status":"closed","sticky":false,"template":"","format":"standard","meta":{"footnotes":""},"categories":[2071,1991],"tags":[8466,12685],"class_list":["post-1228272","post","type-post","status-publish","format-standard","has-post-thumbnail","hentry","category-opinion-analisis-columnas","category-libertad-de-expresion","tag-felix-salgado-macedoni","tag-mario-moreno-arcos"],"_links":{"self":[{"href":"https:\/\/www.acapulcopress.com\/index.php\/wp-json\/wp\/v2\/posts\/1228272","targetHints":{"allow":["GET"]}}],"collection":[{"href":"https:\/\/www.acapulcopress.com\/index.php\/wp-json\/wp\/v2\/posts"}],"about":[{"href":"https:\/\/www.acapulcopress.com\/index.php\/wp-json\/wp\/v2\/types\/post"}],"author":[{"embeddable":true,"href":"https:\/\/www.acapulcopress.com\/index.php\/wp-json\/wp\/v2\/users\/2"}],"replies":[{"embeddable":true,"href":"https:\/\/www.acapulcopress.com\/index.php\/wp-json\/wp\/v2\/comments?post=1228272"}],"version-history":[{"count":0,"href":"https:\/\/www.acapulcopress.com\/index.php\/wp-json\/wp\/v2\/posts\/1228272\/revisions"}],"wp:featuredmedia":[{"embeddable":true,"href":"https:\/\/www.acapulcopress.com\/index.php\/wp-json\/"}],"wp:attachment":[{"href":"https:\/\/www.acapulcopress.com\/index.php\/wp-json\/wp\/v2\/media?parent=1228272"}],"wp:term":[{"taxonomy":"category","embeddable":true,"href":"https:\/\/www.acapulcopress.com\/index.php\/wp-json\/wp\/v2\/categories?post=1228272"},{"taxonomy":"post_tag","embeddable":true,"href":"https:\/\/www.acapulcopress.com\/index.php\/wp-json\/wp\/v2\/tags?post=1228272"}],"curies":[{"name":"wp","href":"https:\/\/api.w.org\/{rel}","templated":true}]}}