{"id":1228285,"date":"2021-05-25T13:06:15","date_gmt":"2021-05-25T18:06:15","guid":{"rendered":"https:\/\/www.acapulco.press\/?p=1228285"},"modified":"2021-05-25T13:06:15","modified_gmt":"2021-05-25T18:06:15","slug":"eu-recuerda-a-george-floyd-a-un-ano-del-asesinato-que-horrorizo-al-mundo","status":"publish","type":"post","link":"https:\/\/www.acapulcopress.com\/index.php\/2021\/05\/25\/eu-recuerda-a-george-floyd-a-un-ano-del-asesinato-que-horrorizo-al-mundo\/","title":{"rendered":"EU recuerda a George Floyd, a un a\u00f1o del asesinato que horroriz\u00f3 al mundo"},"content":{"rendered":"<p style=\"text-align: justify;\">] MINNEAPOLIS. * 25 de mayo de 2021.<br \/>\n<em>) <a href=\"https:\/\/www.telam.com.ar\/notas\/202105\/555313-estados-unidos-george-floyd-aniversario-asesinato-racismo.html\" target=\"_blank\" rel=\"noopener\">T\u00e9lam<\/a>.<\/em><\/p>\n<p style=\"text-align: justify;\">Con actos y vigilias, Estados Unidos conmemorar\u00e1 este martes el primer aniversario del asesinato de George Floyd a manos de un polic\u00eda blanco, y el presidente Joe Biden recibir\u00e1 a la familia del afroestadounidense cuya muerte desat\u00f3 protestas contra el racismo y puso bajo la lupa las pr\u00e1cticas policiales en todo el mundo.<\/p>\n<p style=\"text-align: justify;\">Floyd muri\u00f3 el 25 de mayo pasado en la norte\u00f1a ciudad de Minneapolis, en Minnesota, luego de que el polic\u00eda Derek Chauvin se arrodillara sobre su cuello durante m\u00e1s de nueve minutos tras haberlo detenido junto a otros tres agentes por haber usado dinero supuestamente falso para pagar en un comercio cercano.<\/p>\n<p style=\"text-align: justify;\">Sus \u00faltimas palabras: \u00abNo puedo respirar\u00bb, se convirtieron en el grito de guerra de hist\u00f3ricas manifestaciones, en Estados Unidos y decenas de otros pa\u00edses, contra el racismo sistem\u00e1tico y la brutalidad de la polic\u00eda y en reclamo de una profunda reforma de las t\u00e1cticas policiales.<\/p>\n<p style=\"text-align: justify;\">Antes que Floyd, decenas de afroestadounidenses hab\u00edan fallecido en pol\u00e9micos encuentros con la polic\u00eda en los \u00faltimos a\u00f1os, pero ninguna otra muerte hab\u00eda calado tan hondo, en gran parte porque el hecho de haber sido filmada por un testigo con un celular dio una inusual oportunidad de apreciar tanto horror con los sentidos.<\/p>\n<p style=\"text-align: justify;\">El asesinato dio adem\u00e1s enorme impulso y fama internacional al movimiento Black Lives Matter (Las Vidas Negras Importan) de denuncia del racismo policial, que hab\u00eda surgido en Estados Unidos en 2013 luego de sonados casos de \u00abgatillo f\u00e1cil\u00bb contra integrantes de minor\u00edas raciales, sobre todo personas negras.<\/p>\n<p style=\"text-align: justify;\">En v\u00edsperas del aniversario, algunos de sus familiares, parientes de otros estadounidenses negros muertos por la polic\u00eda y cientos de personas m\u00e1s se congregaron el domingo en Minneapolis para uno de los tantos eventos planeados para honrar la memoria del afroestadounidense y la de otros que corrieron su misma suerte.<\/p>\n<p style=\"text-align: justify;\">Luego de actos en otras ciudades del pa\u00eds, incluyendo Nueva York y antes de un festival y una vigilia este martes en Minneapolis, activistas convocaron para el lunes a un \u00abd\u00eda de acci\u00f3n virtual\u00bb, alentando a la gente a llamar al Congreso a terminar de aprobar una ley de reforma de la polic\u00eda que tiene media sanci\u00f3n desde hace meses.<\/p>\n<p style=\"text-align: justify;\">El presidente estadounidense, el dem\u00f3crata Biden, hab\u00eda urgido al Senado a terminar de aprobar la ley para poder promulgarla ma\u00f1ana, pero tuvo que alterar sus planes y recibir\u00e1 en la Casa Blanca a la familia de Floyd, anunci\u00f3 la vocera presidencial Jen Psaki la semana pasada, sin ofrecer m\u00e1s detalles del evento.<\/p>\n<p style=\"text-align: justify;\">La Ley de Justicia y Polic\u00eda George Floyd contempla prohibir las maniobras de ahorcamiento o \u00abllaves de cuello\u00bb usadas por la polic\u00eda durante los arrestos, poner fin a la inmunidad que tienen los polic\u00edas ante demandas judiciales civiles y crear est\u00e1ndares nacionales de actuaci\u00f3n policial.<\/p>\n<p style=\"text-align: justify;\">El proyecto fue sancionado por la C\u00e1mara de Representantes en marzo pasado, pero la tiene mucho m\u00e1s dif\u00edcil en el altamente dividido Senado, donde la oposici\u00f3n republicana rechazan el fin de la llamada \u00abinmunidad calificada\u00bb de los polic\u00edas.<\/p>\n<p style=\"text-align: justify;\">En los actos del domingo en Minneapolis, familiares de Floyd, de otras v\u00edctimas de gatillo f\u00e1cil y unas 1.500 personas m\u00e1s marcharon por la ciudad y escucharon discursos de varios oradores.<\/p>\n<p style=\"text-align: justify;\">La concentraci\u00f3n comenz\u00f3 en las afueras del Hannepin County Government Center, en el centro de Minneapolis, donde el ahora expolic\u00eda Chauvin fue juzgado hasta el mes pasado y hallado culpable por un jurado de homicidio involuntario.<\/p>\n<p style=\"text-align: justify;\"><strong>Chauvin conocer\u00e1 su sentencia el 25 de junio.<\/strong><\/p>\n<p style=\"text-align: justify;\">\u00abHa sido un a\u00f1o largo. Ha sido un a\u00f1o doloroso. Ha sido muy frustrante para m\u00ed y mi familia\u00bb, dijo la hermana de George, Bridgett Floyd, ante la multitud.<\/p>\n<p style=\"text-align: justify;\">Agreg\u00f3 que su vida cambi\u00f3 \u00aben un abrir y cerrar de ojos\u00bb cuando muri\u00f3 su hermano.<\/p>\n<p style=\"text-align: justify;\">\u00abMe pondr\u00e9 de pie y ser\u00e9 la voz de \u00e9l\u00bb, dijo. \u00abMe mantendr\u00e9 firme y cambiar\u00e9 para \u00e9l\u00bb, agreg\u00f3.<\/p>\n<p style=\"text-align: justify;\">A su turno, el reverendo Al Sharpton, un veterano activista por los derechos civiles, dijo que el asesinato de Floyd fue \u00abuna de las mayores desgracias en la historia de Estados Unidos\u00bb.<\/p>\n<p style=\"text-align: justify;\">\u00abLo que le sucedi\u00f3 a George Floyd, as\u00ed como a muchos otros, est\u00e1 impulsando el cambio no solo en Estados Unidos, sino en el mundo\u00bb, afirm\u00f3.<\/p>\n<p style=\"text-align: justify;\">\u00abEllos pensaron que podr\u00edan salirse con la suya, y ustedes salieron a la calle, blancos y negros, j\u00f3venes y viejos, en medio de la pandemia\u00bb para pedir justicia, dijo Sharpton, inform\u00f3 la agencia de noticias AFP.<\/p>\n<p style=\"text-align: justify;\">Tambi\u00e9n ayer, en Nueva York, el hermano de Floyd, Terrence, asisti\u00f3 a una reuni\u00f3n en Brooklyn donde pidi\u00f3 a los presentes que no olvidaran a su hermano ni a las v\u00edctimas de la violencia racista.<\/p>\n<p style=\"text-align: justify;\">\u201cSi mantienes sonando el nombre de mi hermano, mantendr\u00e1s sonando el nombre de todos los dem\u00e1s\u201d, dijo.<\/p>\n<p style=\"text-align: justify;\">\u00abBreonna Taylor, Sean Bell, Ahmaud Arbery, podr\u00edas revisar toda la lista. Hay muchos de ellos\u00bb, agreg\u00f3, mencionado algunos de los casos m\u00e1s resonantes.<\/p>\n<p style=\"text-align: justify;\">La George Floyd Memorial Foundation, una organizaci\u00f3n sin fines de lucro con sede en Fayetteville, Carolina del Norte, donde naci\u00f3 Floyd, convoc\u00f3 para ma\u00f1ana a un festival en un parque del centro de Minneapolis con actividades para la familia, actuaciones y discursos de oradores invitados.<\/p>\n","protected":false},"excerpt":{"rendered":"<p>] MINNEAPOLIS. * 25 de mayo de 2021. ) T\u00e9lam. Con actos y vigilias, Estados Unidos conmemorar\u00e1 este martes el primer aniversario del asesinato de George Floyd a manos de un polic\u00eda blanco, y el presidente Joe Biden recibir\u00e1 a la familia del afroestadounidense cuya muerte desat\u00f3 protestas contra el racismo y puso bajo la&#8230;<\/p>\n","protected":false},"author":2,"featured_media":1228286,"comment_status":"closed","ping_status":"closed","sticky":false,"template":"","format":"standard","meta":{"footnotes":""},"categories":[18578,1969,1972],"tags":[9150,10820],"class_list":["post-1228285","post","type-post","status-publish","format-standard","has-post-thumbnail","hentry","category-activismo","category-trending","category-special","tag-george-floyd","tag-joe-biden"],"_links":{"self":[{"href":"https:\/\/www.acapulcopress.com\/index.php\/wp-json\/wp\/v2\/posts\/1228285","targetHints":{"allow":["GET"]}}],"collection":[{"href":"https:\/\/www.acapulcopress.com\/index.php\/wp-json\/wp\/v2\/posts"}],"about":[{"href":"https:\/\/www.acapulcopress.com\/index.php\/wp-json\/wp\/v2\/types\/post"}],"author":[{"embeddable":true,"href":"https:\/\/www.acapulcopress.com\/index.php\/wp-json\/wp\/v2\/users\/2"}],"replies":[{"embeddable":true,"href":"https:\/\/www.acapulcopress.com\/index.php\/wp-json\/wp\/v2\/comments?post=1228285"}],"version-history":[{"count":0,"href":"https:\/\/www.acapulcopress.com\/index.php\/wp-json\/wp\/v2\/posts\/1228285\/revisions"}],"wp:featuredmedia":[{"embeddable":true,"href":"https:\/\/www.acapulcopress.com\/index.php\/wp-json\/"}],"wp:attachment":[{"href":"https:\/\/www.acapulcopress.com\/index.php\/wp-json\/wp\/v2\/media?parent=1228285"}],"wp:term":[{"taxonomy":"category","embeddable":true,"href":"https:\/\/www.acapulcopress.com\/index.php\/wp-json\/wp\/v2\/categories?post=1228285"},{"taxonomy":"post_tag","embeddable":true,"href":"https:\/\/www.acapulcopress.com\/index.php\/wp-json\/wp\/v2\/tags?post=1228285"}],"curies":[{"name":"wp","href":"https:\/\/api.w.org\/{rel}","templated":true}]}}