{"id":1228292,"date":"2021-05-25T13:19:40","date_gmt":"2021-05-25T18:19:40","guid":{"rendered":"https:\/\/www.acapulco.press\/?p=1228292"},"modified":"2021-05-25T13:19:40","modified_gmt":"2021-05-25T18:19:40","slug":"cumbre-entre-putin-y-biden-sera-el-16-de-junio-en-ginebra","status":"publish","type":"post","link":"https:\/\/www.acapulcopress.com\/index.php\/2021\/05\/25\/cumbre-entre-putin-y-biden-sera-el-16-de-junio-en-ginebra\/","title":{"rendered":"Cumbre entre Putin y Biden ser\u00e1 el 16 de junio en Ginebra"},"content":{"rendered":"<p style=\"text-align: justify;\">] WASHINGTON. * 25 de mayo de 2021.<br \/>\n<em>) <a href=\"https:\/\/www.telam.com.ar\/notas\/202105\/555399-la-cumbre-entre-putin-y-biden-sera-el-16-de-junio-en-ginebra.html\" target=\"_blank\" rel=\"noopener\">T\u00e9lam<\/a>.<\/em><\/p>\n<p style=\"text-align: justify;\">La cumbre entre los presidentes de Estados Unidos y Rusia, Joe Biden y Vladimir Putin, tendr\u00e1 lugar entre el 16 de junio en la ciudad suiza de Ginebra, seg\u00fan confirmaron este martes la Casa Blanca y el Kremlin.<\/p>\n<p style=\"text-align: justify;\">\u00abLos l\u00edderes discutir\u00e1n toda la gama de asuntos urgentes, en tanto buscamos restaurar la previsibilidad y la estabilidad de la relaci\u00f3n entre Estados Unidos y Rusia\u00bb, dijo la secretaria de prensa de la Casa Blanca, Jen Psaki, citada por la agencia de noticias AFP.<\/p>\n<p style=\"text-align: justify;\">\u00abConforme al acuerdo alcanzado, Putin mantendr\u00e1 negociaciones con Biden el 16 de junio en Ginebra\u00bb, indic\u00f3 el Kremlin en un comunicado que agrega que las relaciones bilaterales, los conflictos regionales y la lucha contra la pandemia centrar\u00e1n el temario.<\/p>\n<p style=\"text-align: justify;\">De acuerdo a la cadena CNN, la invitaci\u00f3n habr\u00eda sido oficializada y aceptada a trav\u00e9s de conversaciones diplom\u00e1ticas de alto nivel que tuvieron lugar en Ginebra entre el asesor de Seguridad Nacional de Estados Unidos, Jake Sullivan, y su hom\u00f3logo ruso, Nikolai Patrushev.<\/p>\n<p style=\"text-align: justify;\">El encuentro entre Biden y Putin ser\u00e1 el segunda de alto nivel entre Rusia y Estados Unidos tras la que mantuvieron el ministro de Exteriores ruso, Serguei Lavrov, y el secretario de Estado estadounidense, Antony Blinken, el 20 de mayo en Islandia.<\/p>\n<p style=\"text-align: justify;\">Las relaciones entre Rusia y Estados Unidos empeoraron significativamente en los \u00faltimos tiempos.<\/p>\n<p style=\"text-align: justify;\">El 15 de abril, Estados Unidos impuso sanciones a 32 entidades e individuos rusos y expuls\u00f3 a 10 funcionarios de la misi\u00f3n diplom\u00e1tica rusa.<\/p>\n<p style=\"text-align: justify;\">Adem\u00e1s, la Casa Blanca extendi\u00f3 las sanciones a la deuda soberana de Rusia, al prohibir a las instituciones financieras de Estados Unidos participar en el mercado primario de bonos soberanos rusos en rublo y de aquellos no denominados en rublo emitidos despu\u00e9s del 14 de junio de 2021 por el Banco Central, el Fondo de Bienestar Nacional y el Ministerio de Finanzas de Rusia.<\/p>\n<p style=\"text-align: justify;\">Con esas medidas Washington pretende castigar a Rusia por su supuesto papel en el ciberataque contra el proveedor de programas inform\u00e1ticos estadounidense SolarWinds y en la interferencia en las elecciones presidenciales de 2020, as\u00ed como por haber ofrecido presuntamente recompensas a los insurgentes en Afganist\u00e1n por asesinar a militares norteamericanos.<\/p>\n<p style=\"text-align: justify;\">Rusia, por su parte, declar\u00f3 que la pol\u00edtica de sanciones que aplica Washington no se corresponde con los intereses de ambos pa\u00edses, y expuls\u00f3 a 10 empleados de la embajada estadounidense, as\u00ed como prohibi\u00f3 la entrada a varios funcionarios del pa\u00eds norteamericano en respuesta a una medida similar de Washington.<\/p>\n","protected":false},"excerpt":{"rendered":"<p>] WASHINGTON. * 25 de mayo de 2021. ) T\u00e9lam. La cumbre entre los presidentes de Estados Unidos y Rusia, Joe Biden y Vladimir Putin, tendr\u00e1 lugar entre el 16 de junio en la ciudad suiza de Ginebra, seg\u00fan confirmaron este martes la Casa Blanca y el Kremlin. \u00abLos l\u00edderes discutir\u00e1n toda la gama de&#8230;<\/p>\n","protected":false},"author":2,"featured_media":1228293,"comment_status":"closed","ping_status":"closed","sticky":false,"template":"","format":"standard","meta":{"footnotes":""},"categories":[1969],"tags":[5327,6842,7723,8152,10820,15878,17976],"class_list":["post-1228292","post","type-post","status-publish","format-standard","has-post-thumbnail","hentry","category-trending","tag-casa-blanca","tag-cumbre-biden-putin","tag-el-kremlin","tag-estados-unidos","tag-joe-biden","tag-rusia","tag-vladimir-putin"],"_links":{"self":[{"href":"https:\/\/www.acapulcopress.com\/index.php\/wp-json\/wp\/v2\/posts\/1228292","targetHints":{"allow":["GET"]}}],"collection":[{"href":"https:\/\/www.acapulcopress.com\/index.php\/wp-json\/wp\/v2\/posts"}],"about":[{"href":"https:\/\/www.acapulcopress.com\/index.php\/wp-json\/wp\/v2\/types\/post"}],"author":[{"embeddable":true,"href":"https:\/\/www.acapulcopress.com\/index.php\/wp-json\/wp\/v2\/users\/2"}],"replies":[{"embeddable":true,"href":"https:\/\/www.acapulcopress.com\/index.php\/wp-json\/wp\/v2\/comments?post=1228292"}],"version-history":[{"count":0,"href":"https:\/\/www.acapulcopress.com\/index.php\/wp-json\/wp\/v2\/posts\/1228292\/revisions"}],"wp:featuredmedia":[{"embeddable":true,"href":"https:\/\/www.acapulcopress.com\/index.php\/wp-json\/"}],"wp:attachment":[{"href":"https:\/\/www.acapulcopress.com\/index.php\/wp-json\/wp\/v2\/media?parent=1228292"}],"wp:term":[{"taxonomy":"category","embeddable":true,"href":"https:\/\/www.acapulcopress.com\/index.php\/wp-json\/wp\/v2\/categories?post=1228292"},{"taxonomy":"post_tag","embeddable":true,"href":"https:\/\/www.acapulcopress.com\/index.php\/wp-json\/wp\/v2\/tags?post=1228292"}],"curies":[{"name":"wp","href":"https:\/\/api.w.org\/{rel}","templated":true}]}}