{"id":1228304,"date":"2021-05-25T18:29:48","date_gmt":"2021-05-25T23:29:48","guid":{"rendered":"https:\/\/www.acapulco.press\/?p=1228304"},"modified":"2021-05-25T18:29:48","modified_gmt":"2021-05-25T23:29:48","slug":"comunicado-ambientalista-a-los-candidatos-a-diversos-cargos-de-eleccion-popular","status":"publish","type":"post","link":"https:\/\/www.acapulcopress.com\/index.php\/2021\/05\/25\/comunicado-ambientalista-a-los-candidatos-a-diversos-cargos-de-eleccion-popular\/","title":{"rendered":"Comunicado Ambientalista a los Candidatos a Diversos Cargos de Elecci\u00f3n Popular"},"content":{"rendered":"<p style=\"text-align: justify;\"><strong>Ambientalistas de Guerrero solicitan a los candidatos a puestos de elecci\u00f3n popular publiquen su agenda ambiental con acciones precisas, claras y s\u00f3lidas para atender los problemas que se viven en esta entidad.<\/strong><\/p>\n<p><em>Acapulco, Gro. a 25 de mayo del 2021<\/p>\n<p><strong>C O M U N I C A D O<\/strong><\/em><\/p>\n<p style=\"text-align: justify;\">Las Organizaciones Ambientalistas en Guerrero han dado a conocer que urge reorientar las propuestas de trabajo de los candidatos considerando el tema ambiental como eje de acci\u00f3n, dado que carecen de acciones precisas que permitan identificar qu\u00e9 medidas inmediatas se van a tomar para la atenci\u00f3n emergente en materia ambiental que prevalece en el estado.<\/p>\n<p style=\"text-align: justify;\">La protecci\u00f3n y garant\u00eda de un medio ambiente sano es una obligaci\u00f3n que toda autoridad debe cumplir. La pandemia por covid-19 que ha impactado al mundo, ha hecho evidente los riesgos de los efectos originados por la degradaci\u00f3n al ambiente. En consecuencia, hoy nos encontramos ante la peor crisis sanitaria y humanitaria sin precedentes en el \u00faltimo siglo.<\/p>\n<p style=\"text-align: justify;\">El Secretario General de las Naciones Unidas ha se\u00f1alado que mientras la ciencia avanza en la atenci\u00f3n de esta pandemia, la solidaridad fracasa. Las acciones son aisladas, de bajo impacto y sin fundamento en la evidencia cient\u00edfica en materia ambiental, son la antesala de pol\u00edticas p\u00fablicas que no cambian realidades.<\/p>\n<p style=\"text-align: justify;\">Debemos ocuparnos tanto la sociedad como el gobierno, en construir acciones con un enfoque de una salud; el cual consiste en reconocer que no hay salud humana sin salud ambiental.<\/p>\n<p style=\"text-align: justify;\">En este contexto, los estados que registren mayores p\u00e9rdidas a la biodiversidad, los ecosistemas y los recursos naturales, ser\u00e1n menos resiliente a los efectos del Cambio Clim\u00e1tico, y se encontrar\u00e1 en el riesgo de graves p\u00e9rdidas econ\u00f3micas.<\/p>\n<p style=\"text-align: justify;\">El estado de Guerrero ha generado una deuda ambiental debido al d\u00e9ficit por agotamiento y degradaci\u00f3n. Las consecuencias de haber ignorado este tema las sentimos y vemos todos los ciudadanos.<\/p>\n<p style=\"text-align: justify;\">Reconocemos que se han realizado acciones importantes pero a\u00fan as\u00ed no han sido suficientes. Por eso los ciudadanos organizados proponemos las siguientes acciones prioritarias.<\/p>\n<p style=\"text-align: justify;\"><strong>1. Pedimos que se genere una estrategia de Turismo sostenible y de bajo impacto, que asegure la protecci\u00f3n de nuestros recursos naturales.<\/strong><br \/>\n2. Generar la Estrategia de Adaptaci\u00f3n al Cambio Clim\u00e1tico enfocada sobre todo a los municipios m\u00e1s vulnerables<br \/>\n<strong>3. Implementar un programa de revisi\u00f3n a detalle en Leyes y Reglamentos con el prop\u00f3sito de hacer ajustes que promuevan un crecimiento ordenado, que mejore la calidad de vida de los habitantes del Estado.<\/strong><br \/>\n4. Aplicaci\u00f3n de programa PROAIRE GUERRERO 2018-2027<br \/>\n<strong>5. Eliminar de las compras gubernamentales los pl\u00e1sticos desechables y priorizar compras sustentables. (considerarlo en la ley de adquisiciones)<\/strong><br \/>\n6. Asegurar partida presupuestal para programas de educaci\u00f3n ambiental y centros educativos (museos, y centros de capacitaci\u00f3n) y garantizar la capacitaci\u00f3n en materia ambiental de funcionarios p\u00fablicos y tomadores de decisiones.<br \/>\n<strong>7. Asegurar la activaci\u00f3n de los sistemas de tratamiento de aguas para las cuencas receptoras de las principales lagunas del estado.<\/strong><br \/>\n8. Retomar los acuerdos con la Federaci\u00f3n para la restituci\u00f3n del flujo hidr\u00e1ulico de los sistemas lagunares.<br \/>\n<strong>9. No m\u00e1s pasos elevados en zonas urbanas y la construcci\u00f3n de 1,000 km de ciclov\u00edas priorizando las zonas metropolitanas<\/strong><br \/>\n10. Programas de reforestaci\u00f3n con especies nativas de viveros comunitarios, y arborizaci\u00f3n en los centros urbanos, as\u00ed como el impulso a la ley de arbolado urbano y sus reglamentos.<br \/>\n<strong>11. Gestionar la recuperaci\u00f3n de espacios p\u00fablicos, en especial el \u201cJard\u00edn del Puerto\u201d.<\/strong><br \/>\n12. Construcci\u00f3n y equipamiento de centros de bienestar animal en cada una de las 7 regiones del estado. Esto para erradicar el maltrato, el abandono y la sobrepoblaci\u00f3n de fauna dom\u00e9stica.<br \/>\n<strong>13. Supervisar y garantizar la aplicaci\u00f3n de las acciones de mitigaci\u00f3n y restauraci\u00f3n por actividad minera en el estado, y asegurar que las operaciones sean alineadas a los conceptos de Miner\u00eda Responsable con est\u00e1ndares internaciones.<\/strong><br \/>\n14. Establecer Metas e indicadores ambientales a corto, mediano y largo plazo con mecanismos de rendici\u00f3n de cuentas.<br \/>\n<strong>15. Asegurar la conformaci\u00f3n del Consejo Consultivo de Medio Ambiente, Recursos Naturales y Desarrollo Sustentable en el que la ciudadan\u00eda tenga participaci\u00f3n.<\/strong><br \/>\n16. Defender el medio ambiente ha costado la vida de varios de sus defensores, requerimos medidas de protecci\u00f3n para los activistas. Defender la vida de los ecosistemas no debe costarnos la vida propia. (Global Witness: M\u00e9xico es uno de los pa\u00edses m\u00e1s peligrosos para quienes se dedican a la defensa del ambiente y el territorio). Pedimos el cumplimiento de la ley y mecanismos de protecci\u00f3n para los defensores de madre tierra, como lo establece el acuerdo de Escaz\u00fa, que entr\u00f3 en vigor en nuestro pa\u00eds a partir del 22 de abril de este a\u00f1o.<\/p>\n<p style=\"text-align: justify;\">La organizaci\u00f3n de las naciones unidas indica que es el momento de hacer las paces con la naturaleza. El Medio ambiente debe ser visto como una pol\u00edtica p\u00fablica que sea transversal a todas las \u00e1reas de gobierno, nunca m\u00e1s un medio ambiente sin presupuesto.<\/p>\n<p style=\"text-align: justify;\">Invitamos a los candidatos a la Gubernatura que a\u00fan no han dado a conocer su plan de trabajo, esperando que est\u00e9n a la altura de las circunstancias que enfrenta nuestro estado de Guerrero.<\/p>\n<p style=\"text-align: justify;\">Muchas Gracias por hacer llegar esta invitaci\u00f3n a la Agenda Ambiental.<\/p>\n<p style=\"text-align: justify;\">Agradecemos a quienes ya han abrieron un espacio de tiempo para conocer la Agenda Ambiental Ciudadana, as\u00ed como a quienes presentaron propuestas de elaboraci\u00f3n propia.<\/p>\n<p style=\"text-align: justify;\">AGRADECIMIENTOS A:<\/p>\n<p style=\"text-align: justify;\">Oliver Carmona, Candidato a diputado local Dto 4,<br \/>\nJosue El Negro, Candidato a diputado local Dto 3,<br \/>\nCarlos Reyes, candidato a diputado local Dto 4,<br \/>\nAlejandro Carabias, candidato a presidente municipal del Puerto de Acapulco.<br \/>\nPerla R\u00edos, candidata a diputada local por el Dto 8,<br \/>\nRamiro Solorio Almaz\u00e1n, candidato a presidente municipal del Puerto de Acapulco,<br \/>\nPablo Amilcar Sandoval, candidato a diputado Federal Dto 4,<br \/>\nSheila Soto, Candidata a diputada Federal Dto 4,<br \/>\nJaime Colon, Candidato a Diputado Federal Dto 9,<br \/>\nRicardo Astudillo, Candidato a Diputado Local Dto 7,<br \/>\nBeatriz Mojica, Candidata a Diputada Local Dto 5,<br \/>\nFrancisco Rodriguez, Candidato a Diputado Local Dto 3,<br \/>\nEstrella Bernal, Candidata a Diputada Local Dto 3<br \/>\nAbelina Lopez, Candidata a Presidente Municipal de Acapulco<br \/>\nRicardo Taja, Candidato a Presidente Municipal de Acapulco<br \/>\nDaniel Ingelmo, Candidato a Diputado Local Dto 3<br \/>\nIgor Aguirre, Candidato a Presidente Municipal de Acapulco<br \/>\nY al Club de Playa KALEI por las facilidades brindadas para llevar a cabo las reuniones con los candidatos.<\/p>\n<p style=\"text-align: justify;\">Por \u00faltimo queremos recordar a nuestros compa\u00f1eros ambientalistas que lamentablemente ya no se encuentra con nosotros, pero que fueron durante su paso por este planeta luchadores incansables en pro de nuestro querido Estado: Dr. Leonel Lozano y el Ocean\u00f3logo Roberto Velazco.<\/p>\n<p style=\"text-align: justify;\">Abrimos ronda de preguntas y respuestas.<\/p>\n","protected":false},"excerpt":{"rendered":"<p>Ambientalistas de Guerrero solicitan a los candidatos a puestos de elecci\u00f3n popular publiquen su agenda ambiental con acciones precisas, claras y s\u00f3lidas para atender los problemas que se viven en esta entidad. Acapulco, Gro. a 25 de mayo del 2021 C O M U N I C A D O Las Organizaciones Ambientalistas en Guerrero&#8230;<\/p>\n","protected":false},"author":2,"featured_media":1228305,"comment_status":"closed","ping_status":"closed","sticky":false,"template":"","format":"standard","meta":{"footnotes":""},"categories":[18578,1972],"tags":[],"class_list":["post-1228304","post","type-post","status-publish","format-standard","has-post-thumbnail","hentry","category-activismo","category-special"],"_links":{"self":[{"href":"https:\/\/www.acapulcopress.com\/index.php\/wp-json\/wp\/v2\/posts\/1228304","targetHints":{"allow":["GET"]}}],"collection":[{"href":"https:\/\/www.acapulcopress.com\/index.php\/wp-json\/wp\/v2\/posts"}],"about":[{"href":"https:\/\/www.acapulcopress.com\/index.php\/wp-json\/wp\/v2\/types\/post"}],"author":[{"embeddable":true,"href":"https:\/\/www.acapulcopress.com\/index.php\/wp-json\/wp\/v2\/users\/2"}],"replies":[{"embeddable":true,"href":"https:\/\/www.acapulcopress.com\/index.php\/wp-json\/wp\/v2\/comments?post=1228304"}],"version-history":[{"count":0,"href":"https:\/\/www.acapulcopress.com\/index.php\/wp-json\/wp\/v2\/posts\/1228304\/revisions"}],"wp:featuredmedia":[{"embeddable":true,"href":"https:\/\/www.acapulcopress.com\/index.php\/wp-json\/"}],"wp:attachment":[{"href":"https:\/\/www.acapulcopress.com\/index.php\/wp-json\/wp\/v2\/media?parent=1228304"}],"wp:term":[{"taxonomy":"category","embeddable":true,"href":"https:\/\/www.acapulcopress.com\/index.php\/wp-json\/wp\/v2\/categories?post=1228304"},{"taxonomy":"post_tag","embeddable":true,"href":"https:\/\/www.acapulcopress.com\/index.php\/wp-json\/wp\/v2\/tags?post=1228304"}],"curies":[{"name":"wp","href":"https:\/\/api.w.org\/{rel}","templated":true}]}}