{"id":1228318,"date":"2021-05-25T19:42:57","date_gmt":"2021-05-26T00:42:57","guid":{"rendered":"https:\/\/www.acapulco.press\/?p=1228318"},"modified":"2021-05-25T19:42:57","modified_gmt":"2021-05-26T00:42:57","slug":"1228318","status":"publish","type":"post","link":"https:\/\/www.acapulcopress.com\/index.php\/2021\/05\/25\/1228318\/","title":{"rendered":"FGE consigue prisi\u00f3n preventiva contra un violador de Zihuatanejo"},"content":{"rendered":"<p style=\"text-align: justify;\">] CHILPANCINGO. * 25 de mayo de 2021.<br \/>\n) <a href=\"https:\/\/fiscaliaguerrero.gob.mx\" target=\"_blank\" rel=\"noopener\"><em>https:\/\/fiscaliaguerrero.gob.mx<\/em><\/a>.<\/p>\n<p style=\"text-align: justify;\">Fiscal\u00eda de Guerrero obtiene prisi\u00f3n preventiva en contra de Agust\u00edn \u00abN\u00bb por delito de violaci\u00f3n en Zihuatanejo, regi\u00f3n Costa Grande<\/p>\n<p style=\"text-align: justify;\">Chilpancingo, Gro. 25 de mayo de 2021.- La Fiscal\u00eda General del Estado a trav\u00e9s del Ministerio P\u00fablico en Zihuatanejo de Azueta, obtuvo vinculaci\u00f3n a proceso en contra de Agust\u00edn \u00abN\u00bb como probable responsable del delito de violaci\u00f3n en la carpeta judicial C-192\/2019.<\/p>\n<p style=\"text-align: justify;\">El imputado es acusado de cometer el delito el d\u00eda 11 de abril de 2018, siendo aproximadamente las 23:00 horas la v\u00edctima, sus menores hijas y el acusado se encontraban dormidos en el domicilio ubicado en la colonia Buenos Aires, cuando en ese momento la despert\u00f3 para cometer el delito.<\/p>\n<p style=\"text-align: justify;\">En audiencia inicial del 24 de mayo de 2021 el Juez de Control y Enjuiciamiento Penal de Azueta, vincul\u00f3 a proceso a Agust\u00edn \u00abN\u00bb, como probable responsable del delito de violaci\u00f3n, quedando vigente la prisi\u00f3n preventiva oficiosa y se otorgaron tres meses de investigaci\u00f3n complementaria.<\/p>\n<p style=\"text-align: justify;\">La Fiscal\u00eda General del Estado continuar\u00e1 investigando los delitos del fuero com\u00fan y con especial seguimiento los cometidos en temas de igualdad de g\u00e9nero y menores de edad en el estado de Guerrero.<\/p>\n","protected":false},"excerpt":{"rendered":"<p>] CHILPANCINGO. * 25 de mayo de 2021. ) https:\/\/fiscaliaguerrero.gob.mx. Fiscal\u00eda de Guerrero obtiene prisi\u00f3n preventiva en contra de Agust\u00edn \u00abN\u00bb por delito de violaci\u00f3n en Zihuatanejo, regi\u00f3n Costa Grande Chilpancingo, Gro. 25 de mayo de 2021.- La Fiscal\u00eda General del Estado a trav\u00e9s del Ministerio P\u00fablico en Zihuatanejo de Azueta, obtuvo vinculaci\u00f3n a proceso&#8230;<\/p>\n","protected":false},"author":2,"featured_media":1228319,"comment_status":"closed","ping_status":"closed","sticky":false,"template":"","format":"standard","meta":{"footnotes":""},"categories":[18561,2005],"tags":[8709,10946,14737],"class_list":["post-1228318","post","type-post","status-publish","format-standard","has-post-thumbnail","hentry","category-society-politics","category-seguridad-y-justicia","tag-fiscalia-general-del-estado-e-guerrero-fgegro","tag-jorge-zuriel-de-los-santos-barrila","tag-policia-ministerial-de-guerrero"],"_links":{"self":[{"href":"https:\/\/www.acapulcopress.com\/index.php\/wp-json\/wp\/v2\/posts\/1228318","targetHints":{"allow":["GET"]}}],"collection":[{"href":"https:\/\/www.acapulcopress.com\/index.php\/wp-json\/wp\/v2\/posts"}],"about":[{"href":"https:\/\/www.acapulcopress.com\/index.php\/wp-json\/wp\/v2\/types\/post"}],"author":[{"embeddable":true,"href":"https:\/\/www.acapulcopress.com\/index.php\/wp-json\/wp\/v2\/users\/2"}],"replies":[{"embeddable":true,"href":"https:\/\/www.acapulcopress.com\/index.php\/wp-json\/wp\/v2\/comments?post=1228318"}],"version-history":[{"count":0,"href":"https:\/\/www.acapulcopress.com\/index.php\/wp-json\/wp\/v2\/posts\/1228318\/revisions"}],"wp:featuredmedia":[{"embeddable":true,"href":"https:\/\/www.acapulcopress.com\/index.php\/wp-json\/"}],"wp:attachment":[{"href":"https:\/\/www.acapulcopress.com\/index.php\/wp-json\/wp\/v2\/media?parent=1228318"}],"wp:term":[{"taxonomy":"category","embeddable":true,"href":"https:\/\/www.acapulcopress.com\/index.php\/wp-json\/wp\/v2\/categories?post=1228318"},{"taxonomy":"post_tag","embeddable":true,"href":"https:\/\/www.acapulcopress.com\/index.php\/wp-json\/wp\/v2\/tags?post=1228318"}],"curies":[{"name":"wp","href":"https:\/\/api.w.org\/{rel}","templated":true}]}}