{"id":1228326,"date":"2021-05-25T20:53:14","date_gmt":"2021-05-26T01:53:14","guid":{"rendered":"https:\/\/www.acapulco.press\/?p=1228326"},"modified":"2021-05-25T20:53:14","modified_gmt":"2021-05-26T01:53:14","slug":"selevelyn-la-candidata-que-no-convence-pero-canta","status":"publish","type":"post","link":"https:\/\/www.acapulcopress.com\/index.php\/2021\/05\/25\/selevelyn-la-candidata-que-no-convence-pero-canta\/","title":{"rendered":"Sel\u00e9velyn | La candidata que no convence, pero canta"},"content":{"rendered":"<p style=\"text-align: justify;\">Jiribilla Coste\u00f1a<br \/>\n] <strong>El Brujo Chiripero<\/strong><br \/>\n<em>\u00bb Acapulco.press.<\/em><\/p>\n<p style=\"text-align: justify;\">Ante la periodista Adela Micha dijo que incursion\u00f3 en la lucha social a los 6 a\u00f1os, \u00abdeclamando poes\u00eda\u00bb y \u00abdando consejos a los j\u00f3venes\u00bb en los m\u00edtines de AMLO y Cuauht\u00e9moc C\u00e1rdenas, los cuales aprovechaba para hacer su tareas debajo de las tarimas. Hoy, a sus 39 a\u00f1os de edad, #Evelyn Salgado corrige que su activismo social inici\u00f3 a los 9 a\u00f1os, no a los 6. Cual fuere el caso, a los 6 o a los 9, \u00bfusted le cree a la candidata de #Morena su argumento de que &#8216;no es una improvisada&#8217; porque se inici\u00f3 &#8216;en la lucha social hace 30 a\u00f1os&#8217; mientras recorr\u00eda el Estado de la mano de su padre para conocer las carencias y necesidades del pueblo de Guerrero, como le dijo a la conductora de <a href=\"https:\/\/www.acapulco.press\/special\/la-experiencia-no-importa-basta-cons-no-mentir-no-robar-y-no-traicionar-asegura-evelyn-salgado\/\" target=\"_blank\" rel=\"noopener\"><em>Me lo dijo Adela<\/em><\/a>? Si as\u00ed fue, \u00bfpor qu\u00e9 Evelyn reh\u00faye debatir sus ideales ante el resto de candidatos, para que el pueblo conozca lo super dotes que le presume su padre, F\u00e9lix Salgado Macedonio, y solo prefiere imitar a <em>Selena,<\/em> cantar y bailar, en lugar de presentarle a sus seguidores propuestas y proyectos de gobiernos serios y reales? \u00bfMejor a\u00fan, por qu\u00e9 solo se dedica a ser la sombra de su padre en lugar de demostrar su talento y experiencia adquiridos en \u00ab30 a\u00f1os\u00bb de lucha social?<\/p>\n<p><em>Simple duda&#8230;<\/em><br \/>\nwww.<strong>acapulco.press<br \/>\n<\/strong><\/p>\n<div style=\"width: 426px;\" class=\"wp-video\"><video class=\"wp-video-shortcode\" id=\"video-1228326-1\" width=\"426\" height=\"240\" preload=\"metadata\" controls=\"controls\"><source type=\"video\/mp4\" src=\"https:\/\/www.acapulco.press\/wp-content\/uploads\/2021\/05\/SHOW-DE-EVELYN.mp4?_=1\" \/><a href=\"https:\/\/www.acapulco.press\/wp-content\/uploads\/2021\/05\/SHOW-DE-EVELYN.mp4\">https:\/\/www.acapulco.press\/wp-content\/uploads\/2021\/05\/SHOW-DE-EVELYN.mp4<\/a><\/video><\/div>\n<p><strong>\u00a0<\/strong><\/p>\n","protected":false},"excerpt":{"rendered":"<p>Jiribilla Coste\u00f1a ] El Brujo Chiripero \u00bb Acapulco.press. Ante la periodista Adela Micha dijo que incursion\u00f3 en la lucha social a los 6 a\u00f1os, \u00abdeclamando poes\u00eda\u00bb y \u00abdando consejos a los j\u00f3venes\u00bb en los m\u00edtines de AMLO y Cuauht\u00e9moc C\u00e1rdenas, los cuales aprovechaba para hacer su tareas debajo de las tarimas. Hoy, a sus 39&#8230;<\/p>\n","protected":false},"author":2,"featured_media":1228327,"comment_status":"closed","ping_status":"closed","sticky":false,"template":"","format":"standard","meta":{"footnotes":""},"categories":[2008],"tags":[7665,7799,8251,8467,10786,13297,16416],"class_list":["post-1228326","post","type-post","status-publish","format-standard","has-post-thumbnail","hentry","category-editorial","tag-el-brujo-chiripero","tag-eleccion-guerrero-2021","tag-evelyn-salgado-pineda","tag-felix-salgado-macedonio","tag-jiribilla-costena","tag-morena","tag-selevleyn"],"_links":{"self":[{"href":"https:\/\/www.acapulcopress.com\/index.php\/wp-json\/wp\/v2\/posts\/1228326","targetHints":{"allow":["GET"]}}],"collection":[{"href":"https:\/\/www.acapulcopress.com\/index.php\/wp-json\/wp\/v2\/posts"}],"about":[{"href":"https:\/\/www.acapulcopress.com\/index.php\/wp-json\/wp\/v2\/types\/post"}],"author":[{"embeddable":true,"href":"https:\/\/www.acapulcopress.com\/index.php\/wp-json\/wp\/v2\/users\/2"}],"replies":[{"embeddable":true,"href":"https:\/\/www.acapulcopress.com\/index.php\/wp-json\/wp\/v2\/comments?post=1228326"}],"version-history":[{"count":0,"href":"https:\/\/www.acapulcopress.com\/index.php\/wp-json\/wp\/v2\/posts\/1228326\/revisions"}],"wp:featuredmedia":[{"embeddable":true,"href":"https:\/\/www.acapulcopress.com\/index.php\/wp-json\/"}],"wp:attachment":[{"href":"https:\/\/www.acapulcopress.com\/index.php\/wp-json\/wp\/v2\/media?parent=1228326"}],"wp:term":[{"taxonomy":"category","embeddable":true,"href":"https:\/\/www.acapulcopress.com\/index.php\/wp-json\/wp\/v2\/categories?post=1228326"},{"taxonomy":"post_tag","embeddable":true,"href":"https:\/\/www.acapulcopress.com\/index.php\/wp-json\/wp\/v2\/tags?post=1228326"}],"curies":[{"name":"wp","href":"https:\/\/api.w.org\/{rel}","templated":true}]}}