{"id":1228345,"date":"2021-05-25T22:04:45","date_gmt":"2021-05-26T03:04:45","guid":{"rendered":"https:\/\/www.acapulco.press\/?p=1228345"},"modified":"2021-05-25T22:04:45","modified_gmt":"2021-05-26T03:04:45","slug":"ricardo-taja-demandara-a-abelina-lopez-por-dano-moral","status":"publish","type":"post","link":"https:\/\/www.acapulcopress.com\/index.php\/2021\/05\/25\/ricardo-taja-demandara-a-abelina-lopez-por-dano-moral\/","title":{"rendered":"Ricardo Taja demandar\u00e1 a Abelina L\u00f3pez por \u00abda\u00f1o moral\u00bb"},"content":{"rendered":"<p style=\"text-align: justify;\">] ACAPULCO. * 25 de mayo de 2021.<br \/>\n<em>) Especial.<\/em><\/p>\n<p>El candidato de la coalici\u00f3n PRI-PRD a la presidencia de Acapulco, Ricardo Taja Ram\u00edrez, exigi\u00f3 a la candidata de Morena compruebe todas las acusaciones se\u00f1aladas en su contra.<\/p>\n<figure id=\"attachment_1228349\" aria-describedby=\"caption-attachment-1228349\" style=\"width: 375px\" class=\"wp-caption alignleft\"><img loading=\"lazy\" decoding=\"async\" class=\"wp-image-1228349 size-medium\" src=\"https:\/\/www.acapulco.press\/wp-content\/uploads\/2021\/05\/taja-conferencia3-375x250.jpeg\" alt=\"\" width=\"375\" height=\"250\" \/><figcaption id=\"caption-attachment-1228349\" class=\"wp-caption-text\"><strong>Taja.<\/strong><\/figcaption><\/figure>\n<p style=\"text-align: justify;\">Enfatiz\u00f3 que desde que inici\u00f3 su campa\u00f1a se ha dedicado a denostar y descalificar a su persona. \u201cEl que se\u00f1ala est\u00e1 obligado a comprobar, por ello presentar\u00e9 una denuncia formal en contra de ella\u201d.<\/p>\n<p style=\"text-align: justify;\">Taja Ram\u00edrez lament\u00f3 y entendi\u00f3 que ella es parte de la corrupci\u00f3n que se vive en Acapulco, por declarar ella en la m\u00e1xima tribuna del estado que soborn\u00f3 a un juez con 20 mil pesos.<\/p>\n<p style=\"text-align: justify;\">\u201cElla habla de lo que ella representa. Voy a combatir a las corruptas y corruptos que quieran hacerlo, no van a caber aqu\u00ed en Acapulco, ni van a caber en el ayuntamiento\u201d.<\/p>\n<p style=\"text-align: justify;\">Se\u00f1al\u00f3 que toda la gente que corri\u00f3 Adela Rom\u00e1n, por desv\u00edos de recursos como es su coordinador de campa\u00f1a, est\u00e1n al lado de ella. \u201cLa rodean de manera permanente a la candidata de Morena, caso de Chive Arizmendi, de Sotelo de Saneamiento B\u00e1sico que deber\u00eda ponerse a recoger la basura porque el municipio est\u00e1 atascado\u201d.<\/p>\n<p style=\"text-align: justify;\">El candidato de la Alianza PRI-PRD record\u00f3 que Acapulco subi\u00f3 el 17% en inseguridad y \u201ces el municipio m\u00e1s peligroso para que las mujeres vivan, es el n\u00famero 1 en asesinatos, es el municipio con m\u00e1s feminicidios, da mucha tristeza que digan que ellos representan el nuevo cambio cuando los que ya gobiernan son ellos\u201d.<\/p>\n<p style=\"text-align: justify;\">Finalmente, reiter\u00f3 su respeto para la candidata, \u201cnosotros no descalificamos, s\u00f3lo se\u00f1alamos lo que es\u201d.<\/p>\n<p style=\"text-align: justify;\"><strong>CAMACHO : COMO NO CONVENCE, POR ESO ABELINA ENSUCIA A TAJA\u00a0<\/strong><\/p>\n<figure id=\"attachment_1228346\" aria-describedby=\"caption-attachment-1228346\" style=\"width: 375px\" class=\"wp-caption alignleft\"><img loading=\"lazy\" decoding=\"async\" class=\"wp-image-1228346 size-medium\" src=\"https:\/\/www.acapulco.press\/wp-content\/uploads\/2021\/05\/jorge-camacho-375x635.jpg\" alt=\"\" width=\"375\" height=\"635\" \/><figcaption id=\"caption-attachment-1228346\" class=\"wp-caption-text\"><strong>Jorge Camacho.<\/strong><\/figcaption><\/figure>\n<p style=\"text-align: justify;\">El coordinador de la campa\u00f1a del PRI-PRD en Acapulco, Jorge Camacho Pe\u00f1aloza, asegur\u00f3 que la candidata Abelina L\u00f3pez Rodr\u00edguez se ha dedicado a ensuciar la campa\u00f1a con palabrer\u00eda, amenazas y bravuconer\u00edas porque nom\u00e1s no convence a los acapulque\u00f1os que ya saben lo que significa Morena como gobierno.<\/p>\n<p style=\"text-align: justify;\">El coordinador de campa\u00f1a de Ricardo Taja Ram\u00edrez agreg\u00f3 que la diputada federal con licencia no tiene calidad moral para andar enlodando a la gente que est\u00e1 presentando propuestas y ofrece un gobierno de aptitudes y no de ineptitudes como el que ha ejemplificado Morena en Acapulco.<\/p>\n<p style=\"text-align: justify;\">\u201cQu\u00e9 tiene que decir una se\u00f1ora diputada federal que p\u00fablicamente, frente a todos los legisladores, admiti\u00f3 haber sido parte del c\u00edrculo de corrupci\u00f3n. No tiene verg\u00fcenza de vociferar que representa la limpieza pol\u00edtica cuando su partido la protegi\u00f3 en lugar de aplicarle la ley por cometer el delito de soborno y admitirlo c\u00ednica e impunemente\u201d.<\/p>\n<p style=\"text-align: justify;\">Se pregunt\u00f3 si la se\u00f1ora L\u00f3pez Rodr\u00edguez no ha escuchado en la campa\u00f1a que dice estar realizando el marcado reclamo de los acapulque\u00f1os del abandono que tiene su partido a la ciudad. \u201c\u00bfNo ha escuchado que los acapulque\u00f1os reclaman agua potable, reclaman seguridad p\u00fablica, reclaman servicios b\u00e1sicos como limpieza y alumbrado p\u00fablico?\u201d.<\/p>\n<p style=\"text-align: justify;\">Puntualiz\u00f3 que Abelina tiene que cerrar la boca para que el nivel de campa\u00f1a en Acapulco no lo ensucie con sus dichos absurdos y en donde su partido est\u00e1 en franca decadencia por no haber entendido que el cambio que buscaba la gente nunca lleg\u00f3.<\/p>\n<p style=\"text-align: justify;\">\u201cM\u00e1s que letrada en leyes, en Derecho, Abelina debe tener sentido com\u00fan que en su partido existen pugnas muy fuertes al grado que no la quieren porque lleg\u00f3 a la candidatura de una manera sospechosa, como lo hacen los corruptos, comprando cargos y conveniencias. Creo que deber\u00eda empaparse m\u00e1s de informaci\u00f3n real y no andar con elucubraciones que no sirven de nada\u201d.<\/p>\n<p style=\"text-align: justify;\">Pero si sabe de leyes, Camacho Pe\u00f1aloza abund\u00f3 que las acusaciones que ha hecho contra el candidato Ricardo Taja Ram\u00edrez debe respaldarlas con pruebas reales y no inventadas porque de otra forma comete el delito de da\u00f1o moral.<\/p>\n","protected":false},"excerpt":{"rendered":"<p>] ACAPULCO. * 25 de mayo de 2021. ) Especial. El candidato de la coalici\u00f3n PRI-PRD a la presidencia de Acapulco, Ricardo Taja Ram\u00edrez, exigi\u00f3 a la candidata de Morena compruebe todas las acusaciones se\u00f1aladas en su contra. Enfatiz\u00f3 que desde que inici\u00f3 su campa\u00f1a se ha dedicado a denostar y descalificar a su persona&#8230;.<\/p>\n","protected":false},"author":2,"featured_media":1228348,"comment_status":"closed","ping_status":"closed","sticky":false,"template":"","format":"standard","meta":{"footnotes":""},"categories":[2052,18561],"tags":[2172,5938,10885,15607,17705],"class_list":["post-1228345","post","type-post","status-publish","format-standard","has-post-thumbnail","hentry","category-elecciones","category-society-politics","tag-borron-y-cuenta-nueva-en-agua-y-predial","tag-coalicion-pri-prd","tag-jorge-camacho-penaloza","tag-ricardo-taja-ramirez-presidencia-de-acapulco","tag-va-por-acapulco"],"_links":{"self":[{"href":"https:\/\/www.acapulcopress.com\/index.php\/wp-json\/wp\/v2\/posts\/1228345","targetHints":{"allow":["GET"]}}],"collection":[{"href":"https:\/\/www.acapulcopress.com\/index.php\/wp-json\/wp\/v2\/posts"}],"about":[{"href":"https:\/\/www.acapulcopress.com\/index.php\/wp-json\/wp\/v2\/types\/post"}],"author":[{"embeddable":true,"href":"https:\/\/www.acapulcopress.com\/index.php\/wp-json\/wp\/v2\/users\/2"}],"replies":[{"embeddable":true,"href":"https:\/\/www.acapulcopress.com\/index.php\/wp-json\/wp\/v2\/comments?post=1228345"}],"version-history":[{"count":0,"href":"https:\/\/www.acapulcopress.com\/index.php\/wp-json\/wp\/v2\/posts\/1228345\/revisions"}],"wp:featuredmedia":[{"embeddable":true,"href":"https:\/\/www.acapulcopress.com\/index.php\/wp-json\/"}],"wp:attachment":[{"href":"https:\/\/www.acapulcopress.com\/index.php\/wp-json\/wp\/v2\/media?parent=1228345"}],"wp:term":[{"taxonomy":"category","embeddable":true,"href":"https:\/\/www.acapulcopress.com\/index.php\/wp-json\/wp\/v2\/categories?post=1228345"},{"taxonomy":"post_tag","embeddable":true,"href":"https:\/\/www.acapulcopress.com\/index.php\/wp-json\/wp\/v2\/tags?post=1228345"}],"curies":[{"name":"wp","href":"https:\/\/api.w.org\/{rel}","templated":true}]}}