{"id":1228387,"date":"2021-05-25T13:38:31","date_gmt":"2021-05-25T18:38:31","guid":{"rendered":"https:\/\/www.acapulco.press\/?p=1228387"},"modified":"2021-05-25T13:38:31","modified_gmt":"2021-05-25T18:38:31","slug":"acompano-senador-anorve-a-candidatos-de-la-alianza-pri-prd-en-costa-chica","status":"publish","type":"post","link":"https:\/\/www.acapulcopress.com\/index.php\/2021\/05\/25\/acompano-senador-anorve-a-candidatos-de-la-alianza-pri-prd-en-costa-chica\/","title":{"rendered":"Acompa\u00f1\u00f3 Senador A\u00f1orve a candidatos de la alianza PRI\/PRD en Costa Chica"},"content":{"rendered":"<p style=\"text-align: justify;\">] COSTA CHICA. * 25 de mayo de 2021.<br \/>\n<em>) Comunicado.<\/em><\/p>\n<p style=\"text-align: justify;\">El senador de la Rep\u00fablica Manuel A\u00f1orve Ba\u00f1os realiz\u00f3 una gira de trabajo por la regi\u00f3n Costa Chica para acompa\u00f1ar a recorridos de campa\u00f1a casa por casa a candidatos de la alianza PRI-PRD a alcaldes, y diputados federales y locales.<\/p>\n<p style=\"text-align: justify;\">Durante esta gira de actividades pol\u00edticas, Manuel A\u00f1orve reconoci\u00f3 en Ometepec el trabajo que ha hecho estos \u00faltimos tres a\u00f1os su amigo Efr\u00e9n Adame Montalvan y asegur\u00f3 que ese trabajo social es la base que garantiza que nuevamente los ciudadanos del bello nido vuelvan a votar por Efr\u00e9n.<\/p>\n<p style=\"text-align: justify;\">En este municipio, lugar de origen de su padre, el Senador A\u00f1orve, realiz\u00f3 caminatas casa por casa acompa\u00f1ando a los candidatos a Diputados Rafa Navarrete y Greta Ventura, a quienes felicit\u00f3 por su entrega y trabajo a ras de piso, tocando puertas y llevando las propuestas que requiere la Costa Chica.<\/p>\n<p style=\"text-align: justify;\">En Copala, el Senador guerrerense, realiz\u00f3 diversos recorridos por comunidades de este municipio con la candidata a la alcald\u00eda Carmen Ventira, a quien le reconoci\u00f3 su trabajo y esfuerzo constante e invit\u00f3 a la poblaci\u00f3n a depositar su confianza en ella, ya que es una mujer de resultados.<\/p>\n","protected":false},"excerpt":{"rendered":"<p>] COSTA CHICA. * 25 de mayo de 2021. ) Comunicado. El senador de la Rep\u00fablica Manuel A\u00f1orve Ba\u00f1os realiz\u00f3 una gira de trabajo por la regi\u00f3n Costa Chica para acompa\u00f1ar a recorridos de campa\u00f1a casa por casa a candidatos de la alianza PRI-PRD a alcaldes, y diputados federales y locales. Durante esta gira de&#8230;<\/p>\n","protected":false},"author":2,"featured_media":1228388,"comment_status":"closed","ping_status":"closed","sticky":false,"template":"","format":"standard","meta":{"footnotes":""},"categories":[2052,18561],"tags":[],"class_list":["post-1228387","post","type-post","status-publish","format-standard","has-post-thumbnail","hentry","category-elecciones","category-society-politics"],"_links":{"self":[{"href":"https:\/\/www.acapulcopress.com\/index.php\/wp-json\/wp\/v2\/posts\/1228387","targetHints":{"allow":["GET"]}}],"collection":[{"href":"https:\/\/www.acapulcopress.com\/index.php\/wp-json\/wp\/v2\/posts"}],"about":[{"href":"https:\/\/www.acapulcopress.com\/index.php\/wp-json\/wp\/v2\/types\/post"}],"author":[{"embeddable":true,"href":"https:\/\/www.acapulcopress.com\/index.php\/wp-json\/wp\/v2\/users\/2"}],"replies":[{"embeddable":true,"href":"https:\/\/www.acapulcopress.com\/index.php\/wp-json\/wp\/v2\/comments?post=1228387"}],"version-history":[{"count":0,"href":"https:\/\/www.acapulcopress.com\/index.php\/wp-json\/wp\/v2\/posts\/1228387\/revisions"}],"wp:featuredmedia":[{"embeddable":true,"href":"https:\/\/www.acapulcopress.com\/index.php\/wp-json\/"}],"wp:attachment":[{"href":"https:\/\/www.acapulcopress.com\/index.php\/wp-json\/wp\/v2\/media?parent=1228387"}],"wp:term":[{"taxonomy":"category","embeddable":true,"href":"https:\/\/www.acapulcopress.com\/index.php\/wp-json\/wp\/v2\/categories?post=1228387"},{"taxonomy":"post_tag","embeddable":true,"href":"https:\/\/www.acapulcopress.com\/index.php\/wp-json\/wp\/v2\/tags?post=1228387"}],"curies":[{"name":"wp","href":"https:\/\/api.w.org\/{rel}","templated":true}]}}