{"id":1228394,"date":"2021-05-25T23:51:39","date_gmt":"2021-05-26T04:51:39","guid":{"rendered":"https:\/\/www.acapulco.press\/?p=1228394"},"modified":"2021-05-25T23:51:39","modified_gmt":"2021-05-26T04:51:39","slug":"aun-con-semaforo-verde-continuara-vacunacion-contra-covid19-astudillo","status":"publish","type":"post","link":"https:\/\/www.acapulcopress.com\/index.php\/2021\/05\/25\/aun-con-semaforo-verde-continuara-vacunacion-contra-covid19-astudillo\/","title":{"rendered":"A\u00fan con &#8216;sem\u00e1foro verde&#8217; continuar\u00e1 vacunaci\u00f3n contra Covid19 | Astudillo"},"content":{"rendered":"<p style=\"text-align: justify;\">] CHILPANCINGO. * 25 de mayo de 2021.<br \/>\n<em>) Gobierno de Guerrero.<\/em><\/p>\n<p style=\"text-align: justify;\">\u00a0\u00abEl hecho de que estemos en sem\u00e1foro verde no quiere decir que la vacuna se tenga que parar, por el contrario, hoy m\u00e1s que nunca la vacuna tiene que aplicarse para tratar de mantenernos en la ruta en la que estamos que es de disminuci\u00f3n de los indicadores de Covid-19\u00bb, se\u00f1al\u00f3 el gobernador H\u00e9ctor Astudillo Flores.<\/p>\n<p>En la transmisi\u00f3n n\u00famero 389, el mandatario guerrerense reiter\u00f3 su llamado a la poblaci\u00f3n a acudir a los centros de vacunaci\u00f3n por la dosis en la etapa que les corresponda.<\/p>\n<p>\u00abSi la vacunaci\u00f3n se deja de hacer o se va a medias, los que no se vacunen van a tener mucho riesgo de contagiarse, reitero, el hecho de que estemos en sem\u00e1foro verde no quiere decir que ya termin\u00f3 la pandemia, la pandemia sigue, est\u00e1, disminuida pero est\u00e1, entre todos hay que acabar con ella\u00bb, lanz\u00f3 su convocatoria.<\/p>\n<p>Asimismo, refiri\u00f3 que la presentaci\u00f3n de los datos se da de manera responsable, honesta y transparente.<\/p>\n<p>\u00abNo tendr\u00eda caso que yo anunciara otro sem\u00e1foro si estamos en verde, pero hay que cuidarnos, estar en sem\u00e1foro verde representa mayor movilidad y por supuesto el que podamos tener mayor movimiento econ\u00f3mico pero no representan que ya se termin\u00f3 la pandemia, hay que vacunarnos, usar cubrebocas y evitar todo lo que pueda generar contagios\u00bb, a\u00f1adi\u00f3.<\/p>\n<p>En su intervenci\u00f3n, el delegado Federal de los programas Sociales en Guerrero, Iv\u00e1n Hern\u00e1ndez D\u00edaz explic\u00f3 que se est\u00e1 avanzando a buen ritmo en la aplicaci\u00f3n de la vacuna a personas en el rango de edad de 50 a 59 a\u00f1os y embarazadas en los 22 municipios.<\/p>\n<p>Record\u00f3 que entre el 6 y 16 de abril se vacun\u00f3 en Chipancingo con segundas dosis y hubo personas que acudieron por su primera dosis, a estas personas se les atender\u00e1 en el sexto batall\u00f3n de ingeniero este martes y mi\u00e9rcoles para que se les otorgue la segunda aplicaci\u00f3n del biol\u00f3gico.<\/p>\n<p>En la presentaci\u00f3n de los datos t\u00e9cnicos, el secretario de Salud, Carlos de la Pe\u00f1a Pintos inform\u00f3 que Guerrero acumula 40 mil 919 casos positivos, 4 mil 436 defunciones, 27 nuevos casos en las \u00faltimas 24 horas y los casos activos disminuyeron a 284.<\/p>\n<p>Se encuentran 108 pacientes hospitalizados, de estos, 10 permanecen estables, 72 graves y 26 intubados, con una ocupaci\u00f3n hospitalaria del 18 por ciento, las defunciones en el mes de mayo registran 5.2 fallecimientos por d\u00eda.<\/p>\n","protected":false},"excerpt":{"rendered":"<p>] CHILPANCINGO. * 25 de mayo de 2021. ) Gobierno de Guerrero. \u00a0\u00abEl hecho de que estemos en sem\u00e1foro verde no quiere decir que la vacuna se tenga que parar, por el contrario, hoy m\u00e1s que nunca la vacuna tiene que aplicarse para tratar de mantenernos en la ruta en la que estamos que es&#8230;<\/p>\n","protected":false},"author":2,"featured_media":1228395,"comment_status":"closed","ping_status":"closed","sticky":false,"template":"","format":"standard","meta":{"footnotes":""},"categories":[18573,1983],"tags":[2729,6705,9302,9705,16426],"class_list":["post-1228394","post","type-post","status-publish","format-standard","has-post-thumbnail","hentry","category-goverment","category-guerrerogob","tag-guerreroessemaforoverde","tag-covid19","tag-gobierno-de-guerrero","tag-hector-astudillo-flores","tag-semaforo-epidemiologico-covid19"],"_links":{"self":[{"href":"https:\/\/www.acapulcopress.com\/index.php\/wp-json\/wp\/v2\/posts\/1228394","targetHints":{"allow":["GET"]}}],"collection":[{"href":"https:\/\/www.acapulcopress.com\/index.php\/wp-json\/wp\/v2\/posts"}],"about":[{"href":"https:\/\/www.acapulcopress.com\/index.php\/wp-json\/wp\/v2\/types\/post"}],"author":[{"embeddable":true,"href":"https:\/\/www.acapulcopress.com\/index.php\/wp-json\/wp\/v2\/users\/2"}],"replies":[{"embeddable":true,"href":"https:\/\/www.acapulcopress.com\/index.php\/wp-json\/wp\/v2\/comments?post=1228394"}],"version-history":[{"count":0,"href":"https:\/\/www.acapulcopress.com\/index.php\/wp-json\/wp\/v2\/posts\/1228394\/revisions"}],"wp:featuredmedia":[{"embeddable":true,"href":"https:\/\/www.acapulcopress.com\/index.php\/wp-json\/"}],"wp:attachment":[{"href":"https:\/\/www.acapulcopress.com\/index.php\/wp-json\/wp\/v2\/media?parent=1228394"}],"wp:term":[{"taxonomy":"category","embeddable":true,"href":"https:\/\/www.acapulcopress.com\/index.php\/wp-json\/wp\/v2\/categories?post=1228394"},{"taxonomy":"post_tag","embeddable":true,"href":"https:\/\/www.acapulcopress.com\/index.php\/wp-json\/wp\/v2\/tags?post=1228394"}],"curies":[{"name":"wp","href":"https:\/\/api.w.org\/{rel}","templated":true}]}}