{"id":1228401,"date":"2021-05-26T18:20:11","date_gmt":"2021-05-26T23:20:11","guid":{"rendered":"https:\/\/www.acapulco.press\/?p=1228401"},"modified":"2021-05-26T18:20:11","modified_gmt":"2021-05-26T23:20:11","slug":"comunicado-rechaza-ricardo-taja-y-su-staff-expresiones-infundiosas-de-abelina-lopez","status":"publish","type":"post","link":"https:\/\/www.acapulcopress.com\/index.php\/2021\/05\/26\/comunicado-rechaza-ricardo-taja-y-su-staff-expresiones-infundiosas-de-abelina-lopez\/","title":{"rendered":"Comunicado | Rechaza Ricardo Taja y su Staff expresiones infundiosas de Abelina L\u00f3pez"},"content":{"rendered":"<p style=\"text-align: justify;\">El candidato a Presidente Municipal de Acapulco por la Coalici\u00f3n PRI\/PRD, Ricardo Taja Ram\u00edrez, y su Staff rechazaron rotundamente las expresiones que maneja a su conveniencia pol\u00edtica y partidista la llamada Comisi\u00f3n Pol\u00edtica de la candidata Abelina L\u00f3pez, que acus\u00f3 a Taja y a su equipo de agresi\u00f3n pol\u00edtica y de g\u00e9nero.<\/p>\n<p>| <strong>C O M U N I C A D O<\/strong><\/p>\n<p style=\"text-align: justify;\">A los integrantes de la citada Comisi\u00f3n Pol\u00edtica les quiero puntualizar lo siguiente:<\/p>\n<p style=\"text-align: justify;\"><strong>1.-<\/strong> Estoy en contra de todas las formas de violencia ejercidas hacia las mujeres.<\/p>\n<p style=\"text-align: justify;\"><strong>2.-<\/strong> Respeto profundamente la libre decisi\u00f3n en el tema de la maternidad.<\/p>\n<p style=\"text-align: justify;\"><strong>3.-<\/strong> Visibilizo a todas esas mujeres que son cabeza de familia y que, con su fuerza de trabajo, luchan para hacer de este, nuestro Acapulco, un lugar mejor para todas y todos.<\/p>\n<p style=\"text-align: justify;\"><strong>4.-<\/strong> No me queda el saco de ser mis\u00f3gino porque vine de una madre, tengo una esposa y tengo una hija a las que amo profundamente.<\/p>\n<p style=\"text-align: justify;\">A los integrantes de la citada Comisi\u00f3n Pol\u00edtica les exijo que rectifiquen en sus dichos y que, en este clima de las contiendas electorales, se preste y saquen de contexto mis palabras.<\/p>\n<p style=\"text-align: justify;\">Estamos inmersos en una campa\u00f1a pol\u00edtica donde f\u00e1cilmente retoman cualquier expresi\u00f3n para atacar a los otros candidatos. No es mi caso porque he sido muy puntual con el manejo de mis expresiones no solamente hacia las mujeres sino hacia todos los integrantes de la sociedad acapulque\u00f1a, guerrerense y mexicana en general.<\/p>\n<p style=\"text-align: justify;\">Siempre ser\u00e9 un abierto cr\u00edtico de aquellos servidores p\u00fablicos \u2014definidos con perfil para que todo mundo observe lo que hacen\u2014 que cometan errores y sean ineptos para coordinar el esfuerzo colectivo. Esa cr\u00edtica la he dirigido tanto a hombres como mujeres en ese \u00fanico sentido, jam\u00e1s por su g\u00e9nero.<\/p>\n<p style=\"text-align: justify;\">Lo que debemos hacer todos, en esta \u00faltima parte de la campa\u00f1a pol\u00edtica, es elevar el nivel de competici\u00f3n para que los ciudadanos no tengan la menor duda de por qui\u00e9n hay que votar libre y secretamente.<\/p>\n<p><em>Atentamente,<\/em><\/p>\n<p><strong>Ricardo TAJA | El que s\u00ed trabaja<\/strong><\/p>\n<p><em>Acapulco, Gro. * 26 de mayo de 2021.<\/em><\/p>\n","protected":false},"excerpt":{"rendered":"<p>El candidato a Presidente Municipal de Acapulco por la Coalici\u00f3n PRI\/PRD, Ricardo Taja Ram\u00edrez, y su Staff rechazaron rotundamente las expresiones que maneja a su conveniencia pol\u00edtica y partidista la llamada Comisi\u00f3n Pol\u00edtica de la candidata Abelina L\u00f3pez, que acus\u00f3 a Taja y a su equipo de agresi\u00f3n pol\u00edtica y de g\u00e9nero. | C O&#8230;<\/p>\n","protected":false},"author":2,"featured_media":1228402,"comment_status":"closed","ping_status":"closed","sticky":false,"template":"","format":"standard","meta":{"footnotes":""},"categories":[2053,1972],"tags":[2172,5938,15607,17705],"class_list":["post-1228401","post","type-post","status-publish","format-standard","has-post-thumbnail","hentry","category-elecciones-special","category-special","tag-borron-y-cuenta-nueva-en-agua-y-predial","tag-coalicion-pri-prd","tag-ricardo-taja-ramirez-presidencia-de-acapulco","tag-va-por-acapulco"],"_links":{"self":[{"href":"https:\/\/www.acapulcopress.com\/index.php\/wp-json\/wp\/v2\/posts\/1228401","targetHints":{"allow":["GET"]}}],"collection":[{"href":"https:\/\/www.acapulcopress.com\/index.php\/wp-json\/wp\/v2\/posts"}],"about":[{"href":"https:\/\/www.acapulcopress.com\/index.php\/wp-json\/wp\/v2\/types\/post"}],"author":[{"embeddable":true,"href":"https:\/\/www.acapulcopress.com\/index.php\/wp-json\/wp\/v2\/users\/2"}],"replies":[{"embeddable":true,"href":"https:\/\/www.acapulcopress.com\/index.php\/wp-json\/wp\/v2\/comments?post=1228401"}],"version-history":[{"count":0,"href":"https:\/\/www.acapulcopress.com\/index.php\/wp-json\/wp\/v2\/posts\/1228401\/revisions"}],"wp:featuredmedia":[{"embeddable":true,"href":"https:\/\/www.acapulcopress.com\/index.php\/wp-json\/"}],"wp:attachment":[{"href":"https:\/\/www.acapulcopress.com\/index.php\/wp-json\/wp\/v2\/media?parent=1228401"}],"wp:term":[{"taxonomy":"category","embeddable":true,"href":"https:\/\/www.acapulcopress.com\/index.php\/wp-json\/wp\/v2\/categories?post=1228401"},{"taxonomy":"post_tag","embeddable":true,"href":"https:\/\/www.acapulcopress.com\/index.php\/wp-json\/wp\/v2\/tags?post=1228401"}],"curies":[{"name":"wp","href":"https:\/\/api.w.org\/{rel}","templated":true}]}}