{"id":1228409,"date":"2021-05-26T18:49:48","date_gmt":"2021-05-26T23:49:48","guid":{"rendered":"https:\/\/www.acapulco.press\/?p=1228409"},"modified":"2021-05-26T18:49:48","modified_gmt":"2021-05-26T23:49:48","slug":"taja-se-compromete-con-deportistas-a-impulsar-esta-disciplina-en-su-gobieno","status":"publish","type":"post","link":"https:\/\/www.acapulcopress.com\/index.php\/2021\/05\/26\/taja-se-compromete-con-deportistas-a-impulsar-esta-disciplina-en-su-gobieno\/","title":{"rendered":"Taja se compromete con deportistas a impulsar esta disciplina en su gobieno"},"content":{"rendered":"<p style=\"text-align: justify;\"><img loading=\"lazy\" decoding=\"async\" class=\"alignnone wp-image-1228410 size-large\" src=\"https:\/\/www.acapulco.press\/wp-content\/uploads\/2021\/05\/TAJA-ACA-840x560.jpeg\" alt=\"\" width=\"840\" height=\"560\" \/><\/p>\n<p>] ACAPULCO. * 26 de mayo de 2021.<br \/>\n<em>) Especial.<\/em><\/p>\n<p style=\"text-align: justify;\">El candidato de la coalici\u00f3n PRI-PRD a la alcald\u00eda de Acapulco, Ricardo Taja Ram\u00edrez, se reuni\u00f3 con deportistas de <img loading=\"lazy\" decoding=\"async\" class=\"alignleft size-medium wp-image-1228411\" src=\"https:\/\/www.acapulco.press\/wp-content\/uploads\/2021\/05\/TAJA-ACA2-375x250.jpeg\" alt=\"\" width=\"375\" height=\"250\" \/>todas las disciplinas ante quienes reconoci\u00f3 que el deporte es salud, disciplina y forma parte de los valores que se han ido perdiendo por lo que es importante impulsar esta actividad que tendr\u00e1 presupuesto hist\u00f3rico para beneficio de la juventud.<\/p>\n<p style=\"text-align: justify;\">\u00abVoy a ser el presidente que impulse m\u00e1s el deporte en la historia, vamos a remodelar los polideportivos que son del Ayuntamiento y construir\u00e9 cinco m\u00e1s, voy a hacer una pol\u00edtica del deporte incluyente para todos vamos a impulsar todas las disciplinas del turismo deportivo con la creaci\u00f3n de grandes eventos que ser\u00e1n de talla nacional e internacional\u00bb.<\/p>\n<p style=\"text-align: justify;\"><img loading=\"lazy\" decoding=\"async\" class=\"alignleft size-medium wp-image-1228412\" src=\"https:\/\/www.acapulco.press\/wp-content\/uploads\/2021\/05\/TAJA-ACA3-375x252.jpeg\" alt=\"\" width=\"375\" height=\"252\" \/>Taja Ram\u00edrez dijo a los j\u00f3venes que lo m\u00e1s importante de ser campeones, es ser de vida y j\u00f3venes de bien que permita recuperar la salud de la sociedad que ha ido deterior\u00e1ndose con el paso de los a\u00f1os.<\/p>\n<p style=\"text-align: justify;\">\u00abEn esta pandemia los que estuvieron mejor de salud son los que hicieron deporte, por eso seguiremos impulsando est\u00e1 \u00e1rea adem\u00e1s de apoyar a los j\u00f3venes m\u00e1s destacados que se han sentido olvidados y no han tenido la oportunidad de demostrar y aprovechar su talento\u00bb.<\/p>\n<p style=\"text-align: justify;\">El coordinador de campa\u00f1a de Mario Moreno Arcos en Acapulco, Evodio Vel\u00e1zquez Aguirre, dijo a los j\u00f3venes que en Ricardo Taja y en Mario Moreno Arcos encontrar\u00e1n gobernantes que le pondr\u00e1n atenci\u00f3n al deporte y que cumplir\u00e1n su palabra ya que ser\u00e1 vigilante de que cumplan con sus compromisos por la confianza que les est\u00e1n brindando.<\/p>\n<p style=\"text-align: justify;\">A este evento acudieron la candidata a diputaci\u00f3n federal Sheila Soto Manzano y la diputada local Perla Edith Mart\u00ednez de Vel\u00e1zquez.<\/p>\n<p><img loading=\"lazy\" decoding=\"async\" class=\"alignnone wp-image-1228414 size-large\" src=\"https:\/\/www.acapulco.press\/wp-content\/uploads\/2021\/05\/TAJA-ACA5-840x560.jpeg\" alt=\"\" width=\"840\" height=\"560\" \/><\/p>\n","protected":false},"excerpt":{"rendered":"<p>] ACAPULCO. * 26 de mayo de 2021. ) Especial. El candidato de la coalici\u00f3n PRI-PRD a la alcald\u00eda de Acapulco, Ricardo Taja Ram\u00edrez, se reuni\u00f3 con deportistas de todas las disciplinas ante quienes reconoci\u00f3 que el deporte es salud, disciplina y forma parte de los valores que se han ido perdiendo por lo que&#8230;<\/p>\n","protected":false},"author":2,"featured_media":1228411,"comment_status":"closed","ping_status":"closed","sticky":false,"template":"","format":"standard","meta":{"footnotes":""},"categories":[2052,18561],"tags":[2172,5938,15607,17705],"class_list":["post-1228409","post","type-post","status-publish","format-standard","has-post-thumbnail","hentry","category-elecciones","category-society-politics","tag-borron-y-cuenta-nueva-en-agua-y-predial","tag-coalicion-pri-prd","tag-ricardo-taja-ramirez-presidencia-de-acapulco","tag-va-por-acapulco"],"_links":{"self":[{"href":"https:\/\/www.acapulcopress.com\/index.php\/wp-json\/wp\/v2\/posts\/1228409","targetHints":{"allow":["GET"]}}],"collection":[{"href":"https:\/\/www.acapulcopress.com\/index.php\/wp-json\/wp\/v2\/posts"}],"about":[{"href":"https:\/\/www.acapulcopress.com\/index.php\/wp-json\/wp\/v2\/types\/post"}],"author":[{"embeddable":true,"href":"https:\/\/www.acapulcopress.com\/index.php\/wp-json\/wp\/v2\/users\/2"}],"replies":[{"embeddable":true,"href":"https:\/\/www.acapulcopress.com\/index.php\/wp-json\/wp\/v2\/comments?post=1228409"}],"version-history":[{"count":0,"href":"https:\/\/www.acapulcopress.com\/index.php\/wp-json\/wp\/v2\/posts\/1228409\/revisions"}],"wp:featuredmedia":[{"embeddable":true,"href":"https:\/\/www.acapulcopress.com\/index.php\/wp-json\/"}],"wp:attachment":[{"href":"https:\/\/www.acapulcopress.com\/index.php\/wp-json\/wp\/v2\/media?parent=1228409"}],"wp:term":[{"taxonomy":"category","embeddable":true,"href":"https:\/\/www.acapulcopress.com\/index.php\/wp-json\/wp\/v2\/categories?post=1228409"},{"taxonomy":"post_tag","embeddable":true,"href":"https:\/\/www.acapulcopress.com\/index.php\/wp-json\/wp\/v2\/tags?post=1228409"}],"curies":[{"name":"wp","href":"https:\/\/api.w.org\/{rel}","templated":true}]}}