{"id":1228419,"date":"2021-05-26T19:19:47","date_gmt":"2021-05-27T00:19:47","guid":{"rendered":"https:\/\/www.acapulco.press\/?p=1228419"},"modified":"2021-05-26T19:19:47","modified_gmt":"2021-05-27T00:19:47","slug":"compromete-mario-moreno-su-apoyo-incondicional-a-chilpancingo","status":"publish","type":"post","link":"https:\/\/www.acapulcopress.com\/index.php\/2021\/05\/26\/compromete-mario-moreno-su-apoyo-incondicional-a-chilpancingo\/","title":{"rendered":"Compromete Mario Moreno su apoyo incondicional a Chilpancingo"},"content":{"rendered":"<p style=\"text-align: justify;\">] CHILPANCINGO. * 26 de mayo de 2021.<br \/>\n<em>) Especial.<\/em><\/p>\n<p style=\"text-align: justify;\">El candidato de la alianza PRI-PRD al gobierno de Guerrero Mario Moreno, sostuvo interesantes encuentros con l\u00edderes de colonias y comerciantes en donde le reconocieron el trabajo que siempre ha hecho a su favor, desde sus <img loading=\"lazy\" decoding=\"async\" class=\"alignleft size-medium wp-image-1228431\" src=\"https:\/\/www.acapulco.press\/wp-content\/uploads\/2021\/05\/MMA-CHILPANCINGO12-375x250.jpeg\" alt=\"\" width=\"375\" height=\"250\" \/>distintos encargos p\u00fablicos, principalmente cuando fue alcalde.<\/p>\n<p>Moreno Arcos recibi\u00f3 el respaldo de la Asociaci\u00f3n Civil Grupo Unido, que aglutina a l\u00edderes de m\u00e1s de 60 colonias de la capital, encabezados por su presidente, Jaime Gonz\u00e1lez Gonz\u00e1lez.<\/p>\n<p style=\"text-align: justify;\">El dirigente de la Asociaci\u00f3n Civil Grupo Unido, reconoci\u00f3 en Mario Moreno a un hombre de compromisos y resultados, al recordar que en las dos ocasiones que fue presidente municipal de Chilpancingo, paviment\u00f3 calles, electrific\u00f3 <img loading=\"lazy\" decoding=\"async\" class=\"alignleft size-medium wp-image-1228423\" src=\"https:\/\/www.acapulco.press\/wp-content\/uploads\/2021\/05\/MMA-CHILPANCINGO4-375x211.jpeg\" alt=\"\" width=\"375\" height=\"211\" \/>colonias, calles y avenidas principales, adem\u00e1s de las diversas obras de drenaje, llev\u00f3 agua suficiente, y logr\u00f3 el desarrollo de la capital.<\/p>\n<p style=\"text-align: justify;\">\u00abTe conocemos porque nos has ayudado al grupo unido, y si el grupo unido es fuerte es porque en tus dos administraciones Mario nos has dado la mano amiga, no te has rajado y nos has apoyado con muchas obras en las colonias\u00bb le reiter\u00f3.<\/p>\n<p style=\"text-align: justify;\">Acompa\u00f1ado de Alejandro Arcos Catal\u00e1n, candidato de la <img loading=\"lazy\" decoding=\"async\" class=\"alignleft size-medium wp-image-1228425\" src=\"https:\/\/www.acapulco.press\/wp-content\/uploads\/2021\/05\/MMA-CHILPANCINGO6-375x211.jpeg\" alt=\"\" width=\"375\" height=\"211\" \/>coalici\u00f3n PRI-PRD a la alcald\u00eda de Chilpancingo, Mario Moreno se comprometi\u00f3 para que en coordinaci\u00f3n con el municipio resolver el tema del agua y que todos los hogares tenga el servicio: \u00aba m\u00ed lo que preocupa es que ustedes tengan agua\u00bb recalc\u00f3.<\/p>\n<p style=\"text-align: justify;\">Posteriormente, Moreno Arcos visit\u00f3 el mercado Baltazar R. Leyva Mancilla, donde sus amigos comerciantes lo recibieron con m\u00faltiples muestras de apoyo y refrend\u00f3 su compromiso de trabajar para dar seguridad a los locatarios y atender la solicitud para la ampliaci\u00f3n de la nave 4.<\/p>\n<p style=\"text-align: justify;\">Ah\u00ed estuvo acompa\u00f1ado de Hermes Moreno, qui\u00e9n hace unos d\u00edas anunci\u00f3 su adhesi\u00f3n al proyecto Va por Guerrero, adem\u00e1s de los candidatos de la coalici\u00f3n; Fernando Calixto Cuevas, por el distrito 01 local, C\u00e9sar Armenta Adame, por el distrito 02 local y Alejandro Arcos Catal\u00e1n, aspirante a la presidencia municipal.<\/p>\n<p>En este lugar, cientos de comerciantes le expresaron su agradecimiento por apoyarles siempre como cuando fue presidente municipal de la ciudad, capital de Guerrero, pero sobre todo, porque desde sus distintos encargos siempre busc\u00f3 la manera de apoyar a esta central de abasto, la m\u00e1s importante de Chilpancingo.<\/p>\n\n","protected":false},"excerpt":{"rendered":"<p>] CHILPANCINGO. * 26 de mayo de 2021. ) Especial. El candidato de la alianza PRI-PRD al gobierno de Guerrero Mario Moreno, sostuvo interesantes encuentros con l\u00edderes de colonias y comerciantes en donde le reconocieron el trabajo que siempre ha hecho a su favor, desde sus distintos encargos p\u00fablicos, principalmente cuando fue alcalde. Moreno Arcos&#8230;<\/p>\n","protected":false},"author":2,"featured_media":1228429,"comment_status":"closed","ping_status":"closed","sticky":false,"template":"","format":"standard","meta":{"footnotes":""},"categories":[2052,18561],"tags":[3684,4246,5928,9302,12685,15511],"class_list":["post-1228419","post","type-post","status-publish","format-standard","has-post-thumbnail","hentry","category-elecciones","category-society-politics","tag-alianza-pri-prd-guerrero-2021","tag-asi-gana-guerrero","tag-coalicion-va-por-guerrero","tag-gobierno-de-guerrero","tag-mario-moreno-arcos","tag-respeto-por-guerrero"],"_links":{"self":[{"href":"https:\/\/www.acapulcopress.com\/index.php\/wp-json\/wp\/v2\/posts\/1228419","targetHints":{"allow":["GET"]}}],"collection":[{"href":"https:\/\/www.acapulcopress.com\/index.php\/wp-json\/wp\/v2\/posts"}],"about":[{"href":"https:\/\/www.acapulcopress.com\/index.php\/wp-json\/wp\/v2\/types\/post"}],"author":[{"embeddable":true,"href":"https:\/\/www.acapulcopress.com\/index.php\/wp-json\/wp\/v2\/users\/2"}],"replies":[{"embeddable":true,"href":"https:\/\/www.acapulcopress.com\/index.php\/wp-json\/wp\/v2\/comments?post=1228419"}],"version-history":[{"count":0,"href":"https:\/\/www.acapulcopress.com\/index.php\/wp-json\/wp\/v2\/posts\/1228419\/revisions"}],"wp:featuredmedia":[{"embeddable":true,"href":"https:\/\/www.acapulcopress.com\/index.php\/wp-json\/"}],"wp:attachment":[{"href":"https:\/\/www.acapulcopress.com\/index.php\/wp-json\/wp\/v2\/media?parent=1228419"}],"wp:term":[{"taxonomy":"category","embeddable":true,"href":"https:\/\/www.acapulcopress.com\/index.php\/wp-json\/wp\/v2\/categories?post=1228419"},{"taxonomy":"post_tag","embeddable":true,"href":"https:\/\/www.acapulcopress.com\/index.php\/wp-json\/wp\/v2\/tags?post=1228419"}],"curies":[{"name":"wp","href":"https:\/\/api.w.org\/{rel}","templated":true}]}}