{"id":1228436,"date":"2021-05-26T19:51:22","date_gmt":"2021-05-27T00:51:22","guid":{"rendered":"https:\/\/www.acapulco.press\/?p=1228436"},"modified":"2021-05-26T19:51:22","modified_gmt":"2021-05-27T00:51:22","slug":"fuerza-por-mexico-oficializa-atentado-de-su-candidato-a-la-presidencia-de-acapulco","status":"publish","type":"post","link":"https:\/\/www.acapulcopress.com\/index.php\/2021\/05\/26\/fuerza-por-mexico-oficializa-atentado-de-su-candidato-a-la-presidencia-de-acapulco\/","title":{"rendered":"Fuerza por M\u00e9xico oficializa atentado de su candidato a la presidencia de Acapulco"},"content":{"rendered":"<p style=\"text-align: justify;\"><em><strong>C O M U N I C A D O<\/strong> |\u00a0<strong> A Medios de Comunicaci\u00f3n y Sociedad Acapulque\u00f1a<\/strong><br \/>\n<\/em><\/p>\n<p style=\"text-align: justify;\">La ma\u00f1ana de esta d\u00eda, el candidato a la Presidencia Municipal de Acapulco de nuestro partido Fuerza por M\u00e9xico, <img loading=\"lazy\" decoding=\"async\" class=\"alignleft size-medium wp-image-1228439\" src=\"https:\/\/www.acapulco.press\/wp-content\/uploads\/2021\/05\/ALBERTO-ALONSO-375x375.jpg\" alt=\"\" width=\"375\" height=\"375\" \/>Jos\u00e9 Alberto \u201cG\u00fcero\u201d Alonso, fue v\u00edctima de un ataque armado momentos despu\u00e9s de salir de su domicilio particular y dirigirse a sus actividades proselitistas.Fuerz<\/p>\n<p style=\"text-align: justify;\">Estos hechos ocurrieron al rededor de las 8 horas, cuando se trasladaba a iniciar sus actividades en la Colonia Zapata, lugar donde se llevar\u00eda a cabo un recorrido por el mercado.<\/p>\n<p style=\"text-align: justify;\">Cuando fue atacado a balazos por individuos armados en la calle Calteca del Fraccionamiento Roca Sola, por lo que su equipo de seguridad repeli\u00f3 la agresi\u00f3n, d\u00e1ndose a la fuga los individuos sin rumbo desconocido.<\/p>\n<p style=\"text-align: justify;\">Tras el hecho, el \u201cG\u00fcero\u201d fue trasladado a un hospital privado, donde est\u00e1 siendo atendido y su estado de salud se encuentra estable, hasta el momento no podemos dar m\u00e1s informaci\u00f3n con relaci\u00f3n a su salud, pero los mantendremos informados para darle seguimiento a este hecho.<\/p>\n<p style=\"text-align: justify;\"><img loading=\"lazy\" decoding=\"async\" class=\"alignleft size-medium wp-image-1228437\" src=\"https:\/\/www.acapulco.press\/wp-content\/uploads\/2021\/05\/COMUNICADO-FXM-375x487.jpg\" alt=\"\" width=\"375\" height=\"487\" \/>Condenamos el ataque contra el G\u00fcero Alonso, hacemos un en\u00e9rgico llamado a los tres niveles de gobierno para garantizar la seguridad de cada uno de las y los candidatos en este proceso electoral, as\u00ed como de todos los ciudadanos principalmente de Acapulco y de Guerrero.<\/p>\n<p style=\"text-align: justify;\">Exigimos que, de una vez por todas, la autoridades tomen en serio su responsabilidad ante la grave crisis de seguridad que se est\u00e1 viviendo en el pa\u00eds y sobre todo en Guerrero.<\/p>\n<p style=\"text-align: justify;\">No vamos a permitir que por medio del uso de la violencia quieran intimidar a nuestro candidato y a nuestro proyecto; esto deja de manifiesto la forma en la que vamos avanzando y la manera en la que quieren imponer la autoridad otros partidos pol\u00edticos.<\/p>\n<p style=\"text-align: justify;\">Ante esta situaci\u00f3n, cumpliremos con nuestra responsabilidad c\u00edvica de acudir ante la autoridad e iniciar los procesos que sean necesarios , interpondremos las denuncias pertinentes pero habremos de seguir trabajando ciertos de que la verdad y el derecho est\u00e1n de nuestro lado.<\/p>\n<p><strong>Acapulco, Gro.<\/strong> * 26 de mayo de 2021.<\/p>\n","protected":false},"excerpt":{"rendered":"<p>C O M U N I C A D O |\u00a0 A Medios de Comunicaci\u00f3n y Sociedad Acapulque\u00f1a La ma\u00f1ana de esta d\u00eda, el candidato a la Presidencia Municipal de Acapulco de nuestro partido Fuerza por M\u00e9xico, Jos\u00e9 Alberto \u201cG\u00fcero\u201d Alonso, fue v\u00edctima de un ataque armado momentos despu\u00e9s de salir de su domicilio particular&#8230;<\/p>\n","protected":false},"author":2,"featured_media":1228438,"comment_status":"closed","ping_status":"closed","sticky":false,"template":"","format":"standard","meta":{"footnotes":""},"categories":[2053,1972],"tags":[8985,10966],"class_list":["post-1228436","post","type-post","status-publish","format-standard","has-post-thumbnail","hentry","category-elecciones-special","category-special","tag-fuerza-por-mexico","tag-jose-alberto-guero-alonso"],"_links":{"self":[{"href":"https:\/\/www.acapulcopress.com\/index.php\/wp-json\/wp\/v2\/posts\/1228436","targetHints":{"allow":["GET"]}}],"collection":[{"href":"https:\/\/www.acapulcopress.com\/index.php\/wp-json\/wp\/v2\/posts"}],"about":[{"href":"https:\/\/www.acapulcopress.com\/index.php\/wp-json\/wp\/v2\/types\/post"}],"author":[{"embeddable":true,"href":"https:\/\/www.acapulcopress.com\/index.php\/wp-json\/wp\/v2\/users\/2"}],"replies":[{"embeddable":true,"href":"https:\/\/www.acapulcopress.com\/index.php\/wp-json\/wp\/v2\/comments?post=1228436"}],"version-history":[{"count":0,"href":"https:\/\/www.acapulcopress.com\/index.php\/wp-json\/wp\/v2\/posts\/1228436\/revisions"}],"wp:featuredmedia":[{"embeddable":true,"href":"https:\/\/www.acapulcopress.com\/index.php\/wp-json\/"}],"wp:attachment":[{"href":"https:\/\/www.acapulcopress.com\/index.php\/wp-json\/wp\/v2\/media?parent=1228436"}],"wp:term":[{"taxonomy":"category","embeddable":true,"href":"https:\/\/www.acapulcopress.com\/index.php\/wp-json\/wp\/v2\/categories?post=1228436"},{"taxonomy":"post_tag","embeddable":true,"href":"https:\/\/www.acapulcopress.com\/index.php\/wp-json\/wp\/v2\/tags?post=1228436"}],"curies":[{"name":"wp","href":"https:\/\/api.w.org\/{rel}","templated":true}]}}