{"id":1228445,"date":"2021-05-26T20:46:33","date_gmt":"2021-05-27T01:46:33","guid":{"rendered":"https:\/\/www.acapulco.press\/?p=1228445"},"modified":"2021-05-26T20:46:33","modified_gmt":"2021-05-27T01:46:33","slug":"anorve-cita-ante-senado-a-titular-de-profeco-por-incremento-de-precios-en-canasta-basica","status":"publish","type":"post","link":"https:\/\/www.acapulcopress.com\/index.php\/2021\/05\/26\/anorve-cita-ante-senado-a-titular-de-profeco-por-incremento-de-precios-en-canasta-basica\/","title":{"rendered":"A\u00f1orve cita ante Senado a titular de Profeco por incremento de precios en &#8216;canasta b\u00e1sica&#8217;"},"content":{"rendered":"<p style=\"text-align: justify;\">] SENADO DE LA REP\u00daBLICA. * 26 de mayo de 2021.<br \/>\n<em>) Redacci\u00f3n \/ Comunicado.<\/em><\/p>\n<p style=\"text-align: justify;\">El Senador de la Rep\u00fablica por Guerrero, Manuel A\u00f1orve Ba\u00f1os, cit\u00f3 a comparecer a la titular de la Procuradur\u00eda Federal del Consumidor (Profeco), Surit Berenice Romero, para que rinda un informe por el incremento de productos de la &#8216;canasta b\u00e1sica&#8217; como la tortilla, el jitomate, el pollo y el huevo, entre otros.<\/p>\n<p style=\"text-align: justify;\">\u201cSi no atendemos estos temas que son los que verdaderamente lastiman y perjudican a la sociedad estamos abdicando nuestra responsabilidad de dar cauce a las exigencias populares\u201d, subray\u00f3 el Senador guerrerense ante el pleno legislativo.<\/p>\n<p style=\"text-align: justify;\">Adem\u00e1s, mencion\u00f3 que como gobierno no deben ser indiferentes y esperar a que las cosas se resuelvan solas, pues es urgente que los mexicanos tengan una explicaci\u00f3n clara del por qu\u00e9 el kilogramo de tortilla, por ejemplo, ha llegado a costar en Guerrero hasta 27 pesos.<\/p>\n<p style=\"text-align: justify;\">A\u00f1orve Ba\u00f1os destac\u00f3 que \u201chay cosas fuera del poder humano, pero la inactividad gubernamental agravar\u00e1 a\u00fan m\u00e1s esta situaci\u00f3n\u201d, por lo que es necesario que Berenice\u00a0 Romero \u00abexplique de manera clara este aumento en los precios de la &#8216;canasta b\u00e1sica&#8217;, que en tiempos de pandemia lastiman m\u00e1s la econom\u00eda familiar y deterioran la calidad de vida de las familias mexicanas\u00bb.<\/p>\n","protected":false},"excerpt":{"rendered":"<p>] SENADO DE LA REP\u00daBLICA. * 26 de mayo de 2021. ) Redacci\u00f3n \/ Comunicado. El Senador de la Rep\u00fablica por Guerrero, Manuel A\u00f1orve Ba\u00f1os, cit\u00f3 a comparecer a la titular de la Procuradur\u00eda Federal del Consumidor (Profeco), Surit Berenice Romero, para que rinda un informe por el incremento de productos de la &#8216;canasta b\u00e1sica&#8217;&#8230;<\/p>\n","protected":false},"author":2,"featured_media":1228446,"comment_status":"closed","ping_status":"closed","sticky":false,"template":"","format":"standard","meta":{"footnotes":""},"categories":[1972,18574],"tags":[5081,12366,14977,14986,16471,16940],"class_list":["post-1228445","post","type-post","status-publish","format-standard","has-post-thumbnail","hentry","category-special","category-gobierno-la-foto","tag-canasta-basica","tag-manuel-anorve-banos","tag-procuraduria-federal-del-consumidor-profeco","tag-profeco","tag-senado-de-la-republica","tag-surit-berenice-romero"],"_links":{"self":[{"href":"https:\/\/www.acapulcopress.com\/index.php\/wp-json\/wp\/v2\/posts\/1228445","targetHints":{"allow":["GET"]}}],"collection":[{"href":"https:\/\/www.acapulcopress.com\/index.php\/wp-json\/wp\/v2\/posts"}],"about":[{"href":"https:\/\/www.acapulcopress.com\/index.php\/wp-json\/wp\/v2\/types\/post"}],"author":[{"embeddable":true,"href":"https:\/\/www.acapulcopress.com\/index.php\/wp-json\/wp\/v2\/users\/2"}],"replies":[{"embeddable":true,"href":"https:\/\/www.acapulcopress.com\/index.php\/wp-json\/wp\/v2\/comments?post=1228445"}],"version-history":[{"count":0,"href":"https:\/\/www.acapulcopress.com\/index.php\/wp-json\/wp\/v2\/posts\/1228445\/revisions"}],"wp:featuredmedia":[{"embeddable":true,"href":"https:\/\/www.acapulcopress.com\/index.php\/wp-json\/"}],"wp:attachment":[{"href":"https:\/\/www.acapulcopress.com\/index.php\/wp-json\/wp\/v2\/media?parent=1228445"}],"wp:term":[{"taxonomy":"category","embeddable":true,"href":"https:\/\/www.acapulcopress.com\/index.php\/wp-json\/wp\/v2\/categories?post=1228445"},{"taxonomy":"post_tag","embeddable":true,"href":"https:\/\/www.acapulcopress.com\/index.php\/wp-json\/wp\/v2\/tags?post=1228445"}],"curies":[{"name":"wp","href":"https:\/\/api.w.org\/{rel}","templated":true}]}}