{"id":1228451,"date":"2021-05-26T21:05:12","date_gmt":"2021-05-27T02:05:12","guid":{"rendered":"https:\/\/www.acapulco.press\/?p=1228451"},"modified":"2021-05-26T21:05:12","modified_gmt":"2021-05-27T02:05:12","slug":"musicos-unidos-de-acapulco-y-guerrero-otorgan-su-apoyo-a-ricardo-taja-para-presidente-de-acapulco","status":"publish","type":"post","link":"https:\/\/www.acapulcopress.com\/index.php\/2021\/05\/26\/musicos-unidos-de-acapulco-y-guerrero-otorgan-su-apoyo-a-ricardo-taja-para-presidente-de-acapulco\/","title":{"rendered":"M\u00fasicos Unidos de Acapulco y Guerrero otorgan su apoyo a Ricardo Taja para Presidente de Acapulco"},"content":{"rendered":"<p style=\"text-align: justify;\">] ACAPULCO. * 26 de mayo de 2021.<br \/>\n<em>) Especial.<\/em><\/p>\n<p style=\"text-align: justify;\">El candidato Ricardo Taja Ram\u00edrez se reuni\u00f3 con integrantes de M\u00fasicos Unidos de Acapulco y Guerrero que alberga <img loading=\"lazy\" decoding=\"async\" class=\"alignleft size-medium wp-image-1228455\" src=\"https:\/\/www.acapulco.press\/wp-content\/uploads\/2021\/05\/Taja-MUDAyG4-375x262.jpeg\" alt=\"\" width=\"375\" height=\"262\" \/>alrededor de 40 agrupaciones con quienes dialog\u00f3 sobre la problem\u00e1tica que viven por la falta de empleo y el abandono total de la actual administraci\u00f3n en plena pandemia, aunado a los malos tratos por parte de elementos del gobierno morenista.<\/p>\n<p style=\"text-align: justify;\">Abel Noriega, presidente de MUDAyG, se\u00f1al\u00f3 que como m\u00fasicos son mal pagados, cuando alguien los contrata les regatean y acus\u00f3 que este gobierno ha quitado festivales y los ha dejado son oportunidades de trabajo.<\/p>\n<p style=\"text-align: justify;\">Criticaron que la administraci\u00f3n de Adela Rom\u00e1n los haya dejado solos y sin ning\u00fan remordimiento ante la pandemia <img loading=\"lazy\" decoding=\"async\" class=\"alignleft size-medium wp-image-1228453\" src=\"https:\/\/www.acapulco.press\/wp-content\/uploads\/2021\/05\/Taja-MUDAyG2-375x250.jpeg\" alt=\"\" width=\"375\" height=\"250\" \/>que les dej\u00f3 sin trabajo y sin ning\u00fan ingreso. Por ello, manifestaron a Ricardo Taja su apoyo al representar la esperanza del cambio que le urge a Acapulco.<\/p>\n<p style=\"text-align: justify;\">Por su parte, Ricardo Taja Ram\u00edrez les asegur\u00f3 que \u00e9l tiene un proyecto con una mayor visi\u00f3n que traer\u00e1 beneficios a ese sector e impulsar\u00e1 las actividades musicales culturales para lograr que salgan adelante dando soluci\u00f3n, prioritariamente, al problema de inseguridad que es el que tambi\u00e9n evita que tengan trabajo y su situaci\u00f3n contin\u00fae empeorando.<\/p>\n<p style=\"text-align: justify;\">\u00abConmigo no van a crecer los problemas, me rodear\u00e9 de <img loading=\"lazy\" decoding=\"async\" class=\"alignleft size-medium wp-image-1228452\" src=\"https:\/\/www.acapulco.press\/wp-content\/uploads\/2021\/05\/Taja-MUDAyG-375x250.jpeg\" alt=\"\" width=\"375\" height=\"250\" \/>mujeres y hombres expertos para hacer las cosas bien, dar\u00e9 un mayor presupuesto la Direcci\u00f3n de Cultura, generar\u00e9 eventos nuevos y eventos que se fueron, habr\u00e1 contrataci\u00f3n de grupos locales para festivales en playas, entre otras acciones, para que Acapulco vuelva a resurgir\u00bb.<\/p>\n<p style=\"text-align: justify;\">Taja Ram\u00edrez asegur\u00f3 que tocar\u00e1 las puertas de la iniciativa privada para que puedan invertir en Acapulco y deje de vivir en el peor de los peores momentos. Por ello, se comprometi\u00f3 a ser solidario y apoyarlos en todo momento.<\/p>\n<p style=\"text-align: justify;\">En la reuni\u00f3n realizada en un restaurante de la costera <img loading=\"lazy\" decoding=\"async\" class=\"alignleft size-medium wp-image-1228456\" src=\"https:\/\/www.acapulco.press\/wp-content\/uploads\/2021\/05\/Taja-MUDAyG5-375x252.jpeg\" alt=\"\" width=\"375\" height=\"252\" \/>Miguel Alem\u00e1n, Taja Ram\u00edrez firm\u00f3 compromisos de campa\u00f1a hacia este importante sector de Acapulco acordando trabajar de manera conjunta y por el bien de este puerto.<\/p>\n<p style=\"text-align: justify;\">Acordaron la entrega de apoyos econ\u00f3micos o microcr\u00e9ditos a fondo perdido, los cuales ser\u00e1n rifados entre los que m\u00e1s necesiten del apoyo, est\u00e1 asociaci\u00f3n MUDAYG ser\u00e1 tomada en cuenta para los festivales que har\u00e1 el Ayuntamiento con eventos musicales art\u00edstico y culturales en las playas m\u00e1s importantes en el transcurso del a\u00f1o.<\/p>\n<p style=\"text-align: justify;\"><img loading=\"lazy\" decoding=\"async\" class=\"alignleft size-medium wp-image-1228457\" src=\"https:\/\/www.acapulco.press\/wp-content\/uploads\/2021\/05\/Taja-MUDAyG6-375x250.jpeg\" alt=\"\" width=\"375\" height=\"250\" \/>igualmente, adelant\u00f3 se har\u00e1 la entrega de becas para los hijos de los m\u00fasicos una vez a a\u00f1o y la entrega se har\u00e1 para los m\u00e1s necesitados, adem\u00e1s de acordar tener reuniones 3 o 4 veces al a\u00f1o.<\/p>\n<p style=\"text-align: justify;\">Por \u00faltimo, acordaron integrar a un miembro de la MUDAYG en la Direcci\u00f3n de Cultura y poder crear Instituto de Cultura en lugar de que sea Direcci\u00f3n para poder gestionar recursos que generen mayor derrama econ\u00f3mica para la poblaci\u00f3n.<\/p>\n","protected":false},"excerpt":{"rendered":"<p>] ACAPULCO. * 26 de mayo de 2021. ) Especial. El candidato Ricardo Taja Ram\u00edrez se reuni\u00f3 con integrantes de M\u00fasicos Unidos de Acapulco y Guerrero que alberga alrededor de 40 agrupaciones con quienes dialog\u00f3 sobre la problem\u00e1tica que viven por la falta de empleo y el abandono total de la actual administraci\u00f3n en plena&#8230;<\/p>\n","protected":false},"author":2,"featured_media":1228454,"comment_status":"closed","ping_status":"closed","sticky":false,"template":"","format":"standard","meta":{"footnotes":""},"categories":[2052,18561],"tags":[2172,3070,5938,13378,13468,15607,17705],"class_list":["post-1228451","post","type-post","status-publish","format-standard","has-post-thumbnail","hentry","category-elecciones","category-society-politics","tag-borron-y-cuenta-nueva-en-agua-y-predial","tag-abel-noriega","tag-coalicion-pri-prd","tag-mudayg","tag-musicos-unidos-de-acapulco-y-guerrero","tag-ricardo-taja-ramirez-presidencia-de-acapulco","tag-va-por-acapulco"],"_links":{"self":[{"href":"https:\/\/www.acapulcopress.com\/index.php\/wp-json\/wp\/v2\/posts\/1228451","targetHints":{"allow":["GET"]}}],"collection":[{"href":"https:\/\/www.acapulcopress.com\/index.php\/wp-json\/wp\/v2\/posts"}],"about":[{"href":"https:\/\/www.acapulcopress.com\/index.php\/wp-json\/wp\/v2\/types\/post"}],"author":[{"embeddable":true,"href":"https:\/\/www.acapulcopress.com\/index.php\/wp-json\/wp\/v2\/users\/2"}],"replies":[{"embeddable":true,"href":"https:\/\/www.acapulcopress.com\/index.php\/wp-json\/wp\/v2\/comments?post=1228451"}],"version-history":[{"count":0,"href":"https:\/\/www.acapulcopress.com\/index.php\/wp-json\/wp\/v2\/posts\/1228451\/revisions"}],"wp:featuredmedia":[{"embeddable":true,"href":"https:\/\/www.acapulcopress.com\/index.php\/wp-json\/"}],"wp:attachment":[{"href":"https:\/\/www.acapulcopress.com\/index.php\/wp-json\/wp\/v2\/media?parent=1228451"}],"wp:term":[{"taxonomy":"category","embeddable":true,"href":"https:\/\/www.acapulcopress.com\/index.php\/wp-json\/wp\/v2\/categories?post=1228451"},{"taxonomy":"post_tag","embeddable":true,"href":"https:\/\/www.acapulcopress.com\/index.php\/wp-json\/wp\/v2\/tags?post=1228451"}],"curies":[{"name":"wp","href":"https:\/\/api.w.org\/{rel}","templated":true}]}}