{"id":1228471,"date":"2021-05-26T22:11:43","date_gmt":"2021-05-27T03:11:43","guid":{"rendered":"https:\/\/www.acapulco.press\/?p=1228471"},"modified":"2021-05-26T22:11:43","modified_gmt":"2021-05-27T03:11:43","slug":"garantiza-estado-libertad-plena-en-eleccion-de-usos-y-costumbre-en-ayutla","status":"publish","type":"post","link":"https:\/\/www.acapulcopress.com\/index.php\/2021\/05\/26\/garantiza-estado-libertad-plena-en-eleccion-de-usos-y-costumbre-en-ayutla\/","title":{"rendered":"Garantiza Estado libertad plena en &#8216;elecci\u00f3n de usos y costumbre&#8217; en Ayutla"},"content":{"rendered":"<p>] CHILPANCINGO. * 26 de mayo de 2021.<br \/>\n) Gobierno de Guerrero.<\/p>\n<p style=\"text-align: justify;\">El gobernador H\u00e9ctor Astudillo Flores se reuni\u00f3 una vez m\u00e1s con integrantes del Concejo Municipal Comunitario y de la Comisi\u00f3n de Elecci\u00f3n, Integraci\u00f3n e Instalaci\u00f3n del \u00d3rgano de Gobierno Municipal de Ayutla de los Libres, en <img loading=\"lazy\" decoding=\"async\" class=\"alignleft size-medium wp-image-1228474\" src=\"https:\/\/www.acapulco.press\/wp-content\/uploads\/2021\/05\/HAF-AYUTLA3-1-375x250.jpg\" alt=\"\" width=\"375\" height=\"250\" \/>la reuni\u00f3n dijo que su mayor inter\u00e9s es que la elecci\u00f3n de sus autoridades por usos y costumbres el pr\u00f3ximo 30 de mayo se lleve a cabo de manera libre y exitosa.<\/p>\n<p>Asimismo, ante el presidente del Instituto Electoral y de Participaci\u00f3n Cuidadana del Estado de Guerrero, Nazar\u00edn Vargas Armenta, la consejera Cinthya Citlali D\u00edaz Fuentes y del secretario Ejecutivo del \u00f3rgano electoral local, Pedro Pablo Mart\u00ednez Ortiz, Astudillo Flores expres\u00f3 que tambi\u00e9n se trabaja para que la jornada del pr\u00f3ximo 6 de junio se desarrolle en condiciones de paz y tranquilidad. En la reuni\u00f3n lo acompa\u00f1aron el secretario General de Gobierno, Florencio Salazar Adame, el secretario de Seguridad P\u00fablica, David Portillo Menchaca y el fiscal General del Estado de Guerrero, Jorge Zuriel de los Santos Barrila.<\/p>\n","protected":false},"excerpt":{"rendered":"<p>] CHILPANCINGO. * 26 de mayo de 2021. ) Gobierno de Guerrero. El gobernador H\u00e9ctor Astudillo Flores se reuni\u00f3 una vez m\u00e1s con integrantes del Concejo Municipal Comunitario y de la Comisi\u00f3n de Elecci\u00f3n, Integraci\u00f3n e Instalaci\u00f3n del \u00d3rgano de Gobierno Municipal de Ayutla de los Libres, en la reuni\u00f3n dijo que su mayor inter\u00e9s&#8230;<\/p>\n","protected":false},"author":2,"featured_media":1228472,"comment_status":"closed","ping_status":"closed","sticky":false,"template":"","format":"standard","meta":{"footnotes":""},"categories":[18573,1983],"tags":[4499,6705,7795,9302,9705,10262,13586,16426],"class_list":["post-1228471","post","type-post","status-publish","format-standard","has-post-thumbnail","hentry","category-goverment","category-guerrerogob","tag-ayutla","tag-covid19","tag-eleccion-de-usos-y-costumbres","tag-gobierno-de-guerrero","tag-hector-astudillo-flores","tag-instituto-electoral-y-de-participacion-cuidadana-del-estado-de-guerrero-iepcgro","tag-nazarin-vargas-armenta","tag-semaforo-epidemiologico-covid19"],"_links":{"self":[{"href":"https:\/\/www.acapulcopress.com\/index.php\/wp-json\/wp\/v2\/posts\/1228471","targetHints":{"allow":["GET"]}}],"collection":[{"href":"https:\/\/www.acapulcopress.com\/index.php\/wp-json\/wp\/v2\/posts"}],"about":[{"href":"https:\/\/www.acapulcopress.com\/index.php\/wp-json\/wp\/v2\/types\/post"}],"author":[{"embeddable":true,"href":"https:\/\/www.acapulcopress.com\/index.php\/wp-json\/wp\/v2\/users\/2"}],"replies":[{"embeddable":true,"href":"https:\/\/www.acapulcopress.com\/index.php\/wp-json\/wp\/v2\/comments?post=1228471"}],"version-history":[{"count":0,"href":"https:\/\/www.acapulcopress.com\/index.php\/wp-json\/wp\/v2\/posts\/1228471\/revisions"}],"wp:featuredmedia":[{"embeddable":true,"href":"https:\/\/www.acapulcopress.com\/index.php\/wp-json\/"}],"wp:attachment":[{"href":"https:\/\/www.acapulcopress.com\/index.php\/wp-json\/wp\/v2\/media?parent=1228471"}],"wp:term":[{"taxonomy":"category","embeddable":true,"href":"https:\/\/www.acapulcopress.com\/index.php\/wp-json\/wp\/v2\/categories?post=1228471"},{"taxonomy":"post_tag","embeddable":true,"href":"https:\/\/www.acapulcopress.com\/index.php\/wp-json\/wp\/v2\/tags?post=1228471"}],"curies":[{"name":"wp","href":"https:\/\/api.w.org\/{rel}","templated":true}]}}